{"id":4357,"date":"2021-12-11T11:20:26","date_gmt":"2021-12-11T14:20:26","guid":{"rendered":"https:\/\/easp.org.br\/asocio\/?p=4357"},"modified":"2021-12-11T11:20:27","modified_gmt":"2021-12-11T14:20:27","slug":"zamenhofa-tago-2021","status":"publish","type":"post","link":"https:\/\/easp.org.br\/asocio\/zamenhofa-tago-2021\/","title":{"rendered":"Zamenhofa Tago 2021"},"content":{"rendered":"\n<p>O tradicional evento de fim de ano (Zamenhofa Tago), que este ano ser\u00e1 tamb\u00e9m virtual, ter\u00e1 tr\u00eas horas de dura\u00e7\u00e3o (15h &#8211; 18h). Anote o endere\u00e7o: <strong><em>brazilo.org\/pma-meet2<\/em><\/strong>. Os convidados ser\u00e3o: Alex Ces\u00e1rio, de Araraquara (palestrante); Paulo S. Viana, de Lorena\/SP (lan\u00e7amento de livros); representantes da Juventude Esperantista de S\u00e3o Paulo (JUNESP) e o artista C\u00edcero Soares, de Salvador\/BA.<\/p>\n\n\n\n<figure class=\"wp-block-image size-full\"><a href=\"https:\/\/easp.org.br\/libroservo\"><img loading=\"lazy\" decoding=\"async\" width=\"887\" height=\"500\" src=\"https:\/\/easp.org.br\/asocio\/wp-content\/uploads\/2021\/12\/librolancoj.jpg\" alt=\"\" class=\"wp-image-4358\" srcset=\"https:\/\/easp.org.br\/asocio\/wp-content\/uploads\/2021\/12\/librolancoj.jpg 887w, https:\/\/easp.org.br\/asocio\/wp-content\/uploads\/2021\/12\/librolancoj-300x169.jpg 300w, https:\/\/easp.org.br\/asocio\/wp-content\/uploads\/2021\/12\/librolancoj-768x433.jpg 768w\" sizes=\"(max-width: 767px) 89vw, (max-width: 1000px) 54vw, (max-width: 1071px) 543px, 580px\" \/><\/a><\/figure>\n\n\n\n<div class=\"wp-block-media-text alignwide is-stacked-on-mobile\" style=\"grid-template-columns:29% auto\"><figure class=\"wp-block-media-text__media\"><a href=\"https:\/\/easp.org.br\/lampiro\/lampiro_172.pd\"><img loading=\"lazy\" decoding=\"async\" width=\"194\" height=\"276\" src=\"https:\/\/easp.org.br\/asocio\/wp-content\/uploads\/2021\/12\/lampiro172.jpg\" alt=\"\" class=\"wp-image-4359 size-full\"\/><\/a><\/figure><div class=\"wp-block-media-text__content\">\n<p class=\"has-normal-font-size\">Mais uma edi\u00e7\u00e3o da revista La Lampiro, a \u00faltima da cole\u00e7\u00e3o 2021 (6 n\u00fameros) j\u00e1 est\u00e1 dispon\u00edvel para download no site da EASP. Para baixar o arquivo, <a href=\"https:\/\/easp.org.br\/lampiro\/lampiro_172.pdf\">clique aqui<\/a> ou la imagem na lado.<\/p>\n<\/div><\/div>\n\n\n\n<p><\/p>\n","protected":false},"excerpt":{"rendered":"<p>O tradicional evento de fim de ano (Zamenhofa Tago), que este ano ser\u00e1 tamb\u00e9m virtual, ter\u00e1 tr\u00eas horas de dura\u00e7\u00e3o (15h &#8211; 18h). Anote o endere\u00e7o: brazilo.org\/pma-meet2. Os convidados ser\u00e3o: Alex Ces\u00e1rio, de Araraquara (palestrante); Paulo S. Viana, de Lorena\/SP (lan\u00e7amento de livros); representantes da Juventude Esperantista de S\u00e3o Paulo (JUNESP) e o artista C\u00edcero &hellip; <\/p>\n<p class=\"link-more\"><a href=\"https:\/\/easp.org.br\/asocio\/zamenhofa-tago-2021\/\" class=\"more-link\">Continue lendo<span class=\"screen-reader-text\"> &#8220;Zamenhofa Tago 2021&#8221;<\/span><\/a><\/p>\n","protected":false},"author":2,"featured_media":4360,"comment_status":"closed","ping_status":"open","sticky":false,"template":"","format":"standard","meta":{"advgb_blocks_editor_width":"","advgb_blocks_columns_visual_guide":"","footnotes":""},"categories":[144],"tags":[],"class_list":["post-4357","post","type-post","status-publish","format-standard","has-post-thumbnail","hentry","category-blog"],"author_meta":{"display_name":"Redaktanto","author_link":"https:\/\/easp.org.br\/asocio\/author\/redaktanto\/"},"featured_img":"https:\/\/easp.org.br\/asocio\/wp-content\/uploads\/2021\/12\/zamtago2021-300x169.jpg","coauthors":[],"tax_additional":{"categories":{"linked":["<a href=\"https:\/\/easp.org.br\/asocio\/category\/blog\/\" class=\"advgb-post-tax-term\">Blog<\/a>"],"unlinked":["<span class=\"advgb-post-tax-term\">Blog<\/span>"]}},"comment_count":"0","relative_dates":{"created":"Publicado 4 anos atr\u00e1s","modified":"Atualizado 4 anos atr\u00e1s"},"absolute_dates":{"created":"Publicado em 11\/12\/2021","modified":"Atualizado em 11\/12\/2021"},"absolute_dates_time":{"created":"Publicado em 11\/12\/2021 11:20","modified":"Atualizado em 11\/12\/2021 11:20"},"featured_img_caption":"","series_order":"","_links":{"self":[{"href":"https:\/\/easp.org.br\/asocio\/wp-json\/wp\/v2\/posts\/4357"}],"collection":[{"href":"https:\/\/easp.org.br\/asocio\/wp-json\/wp\/v2\/posts"}],"about":[{"href":"https:\/\/easp.org.br\/asocio\/wp-json\/wp\/v2\/types\/post"}],"author":[{"embeddable":true,"href":"https:\/\/easp.org.br\/asocio\/wp-json\/wp\/v2\/users\/2"}],"replies":[{"embeddable":true,"href":"https:\/\/easp.org.br\/asocio\/wp-json\/wp\/v2\/comments?post=4357"}],"version-history":[{"count":1,"href":"https:\/\/easp.org.br\/asocio\/wp-json\/wp\/v2\/posts\/4357\/revisions"}],"predecessor-version":[{"id":4361,"href":"https:\/\/easp.org.br\/asocio\/wp-json\/wp\/v2\/posts\/4357\/revisions\/4361"}],"wp:featuredmedia":[{"embeddable":true,"href":"https:\/\/easp.org.br\/asocio\/wp-json\/wp\/v2\/media\/4360"}],"wp:attachment":[{"href":"https:\/\/easp.org.br\/asocio\/wp-json\/wp\/v2\/media?parent=4357"}],"wp:term":[{"taxonomy":"category","embeddable":true,"href":"https:\/\/easp.org.br\/asocio\/wp-json\/wp\/v2\/categories?post=4357"},{"taxonomy":"post_tag","embeddable":true,"href":"https:\/\/easp.org.br\/asocio\/wp-json\/wp\/v2\/tags?post=4357"}],"curies":[{"name":"wp","href":"https:\/\/api.w.org\/{rel}","templated":true}]}}