{"id":4313,"date":"2021-11-18T11:47:13","date_gmt":"2021-11-18T14:47:13","guid":{"rendered":"https:\/\/easp.org.br\/asocio\/?p=4313"},"modified":"2022-02-04T12:13:45","modified_gmt":"2022-02-04T15:13:45","slug":"convidado-de-novembro","status":"publish","type":"post","link":"https:\/\/easp.org.br\/asocio\/convidado-de-novembro\/","title":{"rendered":"Convidado de novembro"},"content":{"rendered":"\n<p>O convidado da Reuni\u00e3o Cultural deste m\u00eas \u00e9 o acad\u00eamico Markos Kramer (Alemanha), que abordar\u00e1 o tema: &#8220;L\u00f3gica &#8211; ponte entre filosofia, matem\u00e1tica, computa\u00e7\u00e3o e l\u00edngua&#8221;.<\/p>\n\n\n\n<p>Kramer nasceu em Buenos Aires (Argentina), mas cresceu na Alemanha. Estudou matem\u00e1tica e filosofia em Oxford (Inglaterra), tendo se doutorado em Bonn (Alemanha) sobre tema que liga l\u00f3gica matem\u00e1tica e linguagem da computa\u00e7\u00e3o. Atualmente trabalha na Universidade T\u00e9cnica de Dresden, explorando a rela\u00e7\u00e3o entre m\u00e9todos baseados em l\u00f3gica para intelig\u00eancia artificial e o racioc\u00ednio real dos humanos.<\/p>\n\n\n\n<p>Conheceu o Esperanto em 2000 e, ap\u00f3s engajamento no movimento juvenil esperantista local e internacional, tornou-se membro da Academia de Esperanto, em 2010. Al\u00e9m de escrever v\u00e1rios artigos sobre diversos temas relacionados ao Esperanto, ele faz parte do grupo que opera uma profunda revis\u00e3o no PIV (Dicion\u00e1rio Ilustrado de Esperanto).<\/p>\n\n\n\n<p>A palestra estar\u00e1 dispon\u00edvel no canal <a href=\"https:\/\/www.youtube.com\/user\/Vivagazeto\/\" target=\"_blank\" rel=\"noreferrer noopener\">Viva Gazeto<\/a> da EASP em 27 de novembro, a partir das 17h. Ap\u00f3s a palestra, haver\u00e1 uma roda de perguntas com a presen\u00e7a do palestrante.<br><\/p>\n","protected":false},"excerpt":{"rendered":"<p>O convidado da Reuni\u00e3o Cultural deste m\u00eas \u00e9 o acad\u00eamico Markos Kramer (Alemanha), que abordar\u00e1 o tema: &#8220;L\u00f3gica &#8211; ponte entre filosofia, matem\u00e1tica, computa\u00e7\u00e3o e l\u00edngua&#8221;. Kramer nasceu em Buenos Aires (Argentina), mas cresceu na Alemanha. Estudou matem\u00e1tica e filosofia em Oxford (Inglaterra), tendo se doutorado em Bonn (Alemanha) sobre tema que liga l\u00f3gica matem\u00e1tica &hellip; <\/p>\n<p class=\"link-more\"><a href=\"https:\/\/easp.org.br\/asocio\/convidado-de-novembro\/\" class=\"more-link\">Continue lendo<span class=\"screen-reader-text\"> &#8220;Convidado de novembro&#8221;<\/span><\/a><\/p>\n","protected":false},"author":2,"featured_media":4316,"comment_status":"closed","ping_status":"open","sticky":false,"template":"","format":"standard","meta":{"advgb_blocks_editor_width":"","advgb_blocks_columns_visual_guide":"","footnotes":""},"categories":[144],"tags":[],"class_list":["post-4313","post","type-post","status-publish","format-standard","has-post-thumbnail","hentry","category-blog"],"author_meta":{"display_name":"Redaktanto","author_link":"https:\/\/easp.org.br\/asocio\/author\/redaktanto\/"},"featured_img":"https:\/\/easp.org.br\/asocio\/wp-content\/uploads\/2021\/11\/kramer-300x169.jpg","coauthors":[],"tax_additional":{"categories":{"linked":["<a href=\"https:\/\/easp.org.br\/asocio\/category\/blog\/\" class=\"advgb-post-tax-term\">Blog<\/a>"],"unlinked":["<span class=\"advgb-post-tax-term\">Blog<\/span>"]}},"comment_count":"0","relative_dates":{"created":"Publicado 4 anos atr\u00e1s","modified":"Atualizado 4 anos atr\u00e1s"},"absolute_dates":{"created":"Publicado em 18\/11\/2021","modified":"Atualizado em 04\/02\/2022"},"absolute_dates_time":{"created":"Publicado em 18\/11\/2021 11:47","modified":"Atualizado em 04\/02\/2022 12:13"},"featured_img_caption":"","series_order":"","_links":{"self":[{"href":"https:\/\/easp.org.br\/asocio\/wp-json\/wp\/v2\/posts\/4313"}],"collection":[{"href":"https:\/\/easp.org.br\/asocio\/wp-json\/wp\/v2\/posts"}],"about":[{"href":"https:\/\/easp.org.br\/asocio\/wp-json\/wp\/v2\/types\/post"}],"author":[{"embeddable":true,"href":"https:\/\/easp.org.br\/asocio\/wp-json\/wp\/v2\/users\/2"}],"replies":[{"embeddable":true,"href":"https:\/\/easp.org.br\/asocio\/wp-json\/wp\/v2\/comments?post=4313"}],"version-history":[{"count":2,"href":"https:\/\/easp.org.br\/asocio\/wp-json\/wp\/v2\/posts\/4313\/revisions"}],"predecessor-version":[{"id":4319,"href":"https:\/\/easp.org.br\/asocio\/wp-json\/wp\/v2\/posts\/4313\/revisions\/4319"}],"wp:featuredmedia":[{"embeddable":true,"href":"https:\/\/easp.org.br\/asocio\/wp-json\/wp\/v2\/media\/4316"}],"wp:attachment":[{"href":"https:\/\/easp.org.br\/asocio\/wp-json\/wp\/v2\/media?parent=4313"}],"wp:term":[{"taxonomy":"category","embeddable":true,"href":"https:\/\/easp.org.br\/asocio\/wp-json\/wp\/v2\/categories?post=4313"},{"taxonomy":"post_tag","embeddable":true,"href":"https:\/\/easp.org.br\/asocio\/wp-json\/wp\/v2\/tags?post=4313"}],"curies":[{"name":"wp","href":"https:\/\/api.w.org\/{rel}","templated":true}]}}