{"id":4087,"date":"2021-10-26T19:27:01","date_gmt":"2021-10-26T22:27:01","guid":{"rendered":"https:\/\/easp.org.br\/asocio\/?p=4087"},"modified":"2021-10-26T19:27:02","modified_gmt":"2021-10-26T22:27:02","slug":"palestra-de-outubro","status":"publish","type":"post","link":"https:\/\/easp.org.br\/asocio\/palestra-de-outubro\/","title":{"rendered":"Palestra de outubro"},"content":{"rendered":"\n<p>O convidado da Reuni\u00e3o Cultural de outubro ser\u00e1 o Prof. Otto Prytz, de Oslo (Noruega), que abordar\u00e1 o tema: <em>&#8220;Dever\u00e1 o cego viajar com ou sem acompanhante?&#8221;<\/em>.<\/p>\n\n\n\n<p>O pr\u00f3prio Otto \u00e9 deficiente visual de nascen\u00e7a e nesta palestra ele contar\u00e1 um pouco de suas experi\u00eancias como viajante em outros pa\u00edses.<\/p>\n\n\n\n<p>Ele nasceu no norte da Noruega (1943), se diplomou em Filologia pela Universidade de Oslo (1972), tendo o espanhol como especialidade. De 1978 at\u00e9 sua aposentadoria, em 2005, trabalhou como docente da l\u00edngua espanhol nesta mesma universidade. Conheceu o Esperanto em 1955.<\/p>\n\n\n\n<p>A palestra estar\u00e1 dispon\u00edvel no canal <a href=\"https:\/\/www.youtube.com\/user\/Vivagazeto\">Viva Gazeto<\/a> da EASP no pr\u00f3ximo s\u00e1bado (dia 30), a partir das 17h. Ap\u00f3s a palestra, haver\u00e1 uma roda de perguntas com a presen\u00e7a do palestrante.<\/p>\n\n\n\n<figure class=\"wp-block-embed is-type-video is-provider-youtube wp-block-embed-youtube wp-embed-aspect-16-9 wp-has-aspect-ratio\"><div class=\"wp-block-embed__wrapper\">\n<iframe loading=\"lazy\" title=\"\u0108u blindulo voja\u011du kun a\u016d sen akompano? - Otto Prytz - 30\/Oktobro 17h UTC-3.\" width=\"525\" height=\"295\" src=\"https:\/\/www.youtube.com\/embed\/6NHYSf2DeH4?feature=oembed\" frameborder=\"0\" allow=\"accelerometer; autoplay; clipboard-write; encrypted-media; gyroscope; picture-in-picture; web-share\" referrerpolicy=\"strict-origin-when-cross-origin\" allowfullscreen><\/iframe>\n<\/div><\/figure>\n","protected":false},"excerpt":{"rendered":"<p>O convidado da Reuni\u00e3o Cultural de outubro ser\u00e1 o Prof. Otto Prytz, de Oslo (Noruega), que abordar\u00e1 o tema: &#8220;Dever\u00e1 o cego viajar com ou sem acompanhante?&#8221;. O pr\u00f3prio Otto \u00e9 deficiente visual de nascen\u00e7a e nesta palestra ele contar\u00e1 um pouco de suas experi\u00eancias como viajante em outros pa\u00edses. Ele nasceu no norte da &hellip; <\/p>\n<p class=\"link-more\"><a href=\"https:\/\/easp.org.br\/asocio\/palestra-de-outubro\/\" class=\"more-link\">Continue lendo<span class=\"screen-reader-text\"> &#8220;Palestra de outubro&#8221;<\/span><\/a><\/p>\n","protected":false},"author":2,"featured_media":4089,"comment_status":"closed","ping_status":"open","sticky":false,"template":"","format":"standard","meta":{"advgb_blocks_editor_width":"","advgb_blocks_columns_visual_guide":"","footnotes":""},"categories":[144],"tags":[],"class_list":["post-4087","post","type-post","status-publish","format-standard","has-post-thumbnail","hentry","category-blog"],"author_meta":{"display_name":"Redaktanto","author_link":"https:\/\/easp.org.br\/asocio\/author\/redaktanto\/"},"featured_img":"https:\/\/easp.org.br\/asocio\/wp-content\/uploads\/2021\/10\/otto_prytz-300x169.png","coauthors":[],"tax_additional":{"categories":{"linked":["<a href=\"https:\/\/easp.org.br\/asocio\/category\/blog\/\" class=\"advgb-post-tax-term\">Blog<\/a>"],"unlinked":["<span class=\"advgb-post-tax-term\">Blog<\/span>"]}},"comment_count":"0","relative_dates":{"created":"Publicado 5 anos atr\u00e1s","modified":"Atualizado 5 anos atr\u00e1s"},"absolute_dates":{"created":"Publicado em 26\/10\/2021","modified":"Atualizado em 26\/10\/2021"},"absolute_dates_time":{"created":"Publicado em 26\/10\/2021 19:27","modified":"Atualizado em 26\/10\/2021 19:27"},"featured_img_caption":"","series_order":"","_links":{"self":[{"href":"https:\/\/easp.org.br\/asocio\/wp-json\/wp\/v2\/posts\/4087"}],"collection":[{"href":"https:\/\/easp.org.br\/asocio\/wp-json\/wp\/v2\/posts"}],"about":[{"href":"https:\/\/easp.org.br\/asocio\/wp-json\/wp\/v2\/types\/post"}],"author":[{"embeddable":true,"href":"https:\/\/easp.org.br\/asocio\/wp-json\/wp\/v2\/users\/2"}],"replies":[{"embeddable":true,"href":"https:\/\/easp.org.br\/asocio\/wp-json\/wp\/v2\/comments?post=4087"}],"version-history":[{"count":3,"href":"https:\/\/easp.org.br\/asocio\/wp-json\/wp\/v2\/posts\/4087\/revisions"}],"predecessor-version":[{"id":4092,"href":"https:\/\/easp.org.br\/asocio\/wp-json\/wp\/v2\/posts\/4087\/revisions\/4092"}],"wp:featuredmedia":[{"embeddable":true,"href":"https:\/\/easp.org.br\/asocio\/wp-json\/wp\/v2\/media\/4089"}],"wp:attachment":[{"href":"https:\/\/easp.org.br\/asocio\/wp-json\/wp\/v2\/media?parent=4087"}],"wp:term":[{"taxonomy":"category","embeddable":true,"href":"https:\/\/easp.org.br\/asocio\/wp-json\/wp\/v2\/categories?post=4087"},{"taxonomy":"post_tag","embeddable":true,"href":"https:\/\/easp.org.br\/asocio\/wp-json\/wp\/v2\/tags?post=4087"}],"curies":[{"name":"wp","href":"https:\/\/api.w.org\/{rel}","templated":true}]}}