{"id":4072,"date":"2021-10-05T12:24:00","date_gmt":"2021-10-05T15:24:00","guid":{"rendered":"https:\/\/easp.org.br\/asocio\/?p=4072"},"modified":"2021-10-05T15:24:32","modified_gmt":"2021-10-05T18:24:32","slug":"encontro-virtual","status":"publish","type":"post","link":"https:\/\/easp.org.br\/asocio\/encontro-virtual\/","title":{"rendered":"Encontro virtual"},"content":{"rendered":"\n<p>Em substitui\u00e7\u00e3o ao Congresso Paulista de Esperanto, que aconteceria este m\u00eas, a diretoria da EASP decidiu organizar um encontro virtual de Esperanto. O evento, que acontecer\u00e1 no dia 16 de outubro (terceiro s\u00e1bado do m\u00eas) pela plataforma Zoom, ter\u00e1 quatro mini palestras (15 min), 3 palestras (45 min) e duas apresenta\u00e7\u00f5es art\u00edsticas.<\/p>\n\n\n\n<p><strong>Anote o link para a sala das palestras<\/strong>: https:\/\/mallonge.net\/EASPretevento2021<\/p>\n\n\n\n<p>Para baixar a programa\u00e7\u00e3o completa, <a href=\"https:\/\/easp.org.br\/easp-retevento2021\/programo_easp-retevento2021.pdf\" target=\"_blank\" rel=\"noreferrer noopener\">clique aqui<\/a>.<\/p>\n\n\n\n<p>Dentro da programa\u00e7\u00e3o do evento, teremos uma Assembleia Geral Extraordin\u00e1ria, onde a diretoria da EASP apresentar\u00e1 sua proposta de atualiza\u00e7\u00e3o do Estatuto Social da entidade. O acesso \u00e0 assembleia ser\u00e1 restrito aos associados.<\/p>\n\n\n\n<p><strong>Anote o link da sala da assembleia<\/strong>: https:\/\/mallonge.net\/EASPassembleia2021<\/p>\n\n\n\n<p>Para baixar a convoca\u00e7\u00e3o, <a href=\"https:\/\/easp.org.br\/easp-retevento2021\/asembleo-kunvoko_(okt2021).pdf\" target=\"_blank\" rel=\"noreferrer noopener\">clique aqui<\/a>.<\/p>\n\n\n\n<figure class=\"wp-block-image size-large\"><img loading=\"lazy\" decoding=\"async\" width=\"1024\" height=\"576\" src=\"https:\/\/easp.org.br\/asocio\/wp-content\/uploads\/2021\/10\/easp-retevento_prelegantoj-min-1024x576.png\" alt=\"\" class=\"wp-image-4076\" srcset=\"https:\/\/easp.org.br\/asocio\/wp-content\/uploads\/2021\/10\/easp-retevento_prelegantoj-min-1024x576.png 1024w, https:\/\/easp.org.br\/asocio\/wp-content\/uploads\/2021\/10\/easp-retevento_prelegantoj-min-300x169.png 300w, https:\/\/easp.org.br\/asocio\/wp-content\/uploads\/2021\/10\/easp-retevento_prelegantoj-min-768x432.png 768w, https:\/\/easp.org.br\/asocio\/wp-content\/uploads\/2021\/10\/easp-retevento_prelegantoj-min.png 1280w\" sizes=\"(max-width: 767px) 89vw, (max-width: 1000px) 54vw, (max-width: 1071px) 543px, 580px\" \/><\/figure>\n","protected":false},"excerpt":{"rendered":"<p>Em substitui\u00e7\u00e3o ao Congresso Paulista de Esperanto, que aconteceria este m\u00eas, a diretoria da EASP decidiu organizar um encontro virtual de Esperanto. O evento, que acontecer\u00e1 no dia 16 de outubro (terceiro s\u00e1bado do m\u00eas) pela plataforma Zoom, ter\u00e1 quatro mini palestras (15 min), 3 palestras (45 min) e duas apresenta\u00e7\u00f5es art\u00edsticas. Anote o link &hellip; <\/p>\n<p class=\"link-more\"><a href=\"https:\/\/easp.org.br\/asocio\/encontro-virtual\/\" class=\"more-link\">Continue lendo<span class=\"screen-reader-text\"> &#8220;Encontro virtual&#8221;<\/span><\/a><\/p>\n","protected":false},"author":2,"featured_media":4077,"comment_status":"closed","ping_status":"open","sticky":false,"template":"","format":"standard","meta":{"advgb_blocks_editor_width":"","advgb_blocks_columns_visual_guide":"","footnotes":""},"categories":[144],"tags":[146,147],"class_list":["post-4072","post","type-post","status-publish","format-standard","has-post-thumbnail","hentry","category-blog","tag-assembleia","tag-encontro-virtual"],"author_meta":{"display_name":"Redaktanto","author_link":"https:\/\/easp.org.br\/asocio\/author\/redaktanto\/"},"featured_img":"https:\/\/easp.org.br\/asocio\/wp-content\/uploads\/2021\/10\/easp-retevento_artistoj-min-300x169.png","coauthors":[],"tax_additional":{"categories":{"linked":["<a href=\"https:\/\/easp.org.br\/asocio\/category\/blog\/\" class=\"advgb-post-tax-term\">Blog<\/a>"],"unlinked":["<span class=\"advgb-post-tax-term\">Blog<\/span>"]},"tags":{"linked":["<a href=\"https:\/\/easp.org.br\/asocio\/category\/blog\/\" class=\"advgb-post-tax-term\">Assembleia<\/a>","<a href=\"https:\/\/easp.org.br\/asocio\/category\/blog\/\" class=\"advgb-post-tax-term\">Encontro Virtual<\/a>"],"unlinked":["<span class=\"advgb-post-tax-term\">Assembleia<\/span>","<span class=\"advgb-post-tax-term\">Encontro Virtual<\/span>"]}},"comment_count":"0","relative_dates":{"created":"Publicado 5 anos atr\u00e1s","modified":"Atualizado 5 anos atr\u00e1s"},"absolute_dates":{"created":"Publicado em 05\/10\/2021","modified":"Atualizado em 05\/10\/2021"},"absolute_dates_time":{"created":"Publicado em 05\/10\/2021 12:24","modified":"Atualizado em 05\/10\/2021 15:24"},"featured_img_caption":"","series_order":"","_links":{"self":[{"href":"https:\/\/easp.org.br\/asocio\/wp-json\/wp\/v2\/posts\/4072"}],"collection":[{"href":"https:\/\/easp.org.br\/asocio\/wp-json\/wp\/v2\/posts"}],"about":[{"href":"https:\/\/easp.org.br\/asocio\/wp-json\/wp\/v2\/types\/post"}],"author":[{"embeddable":true,"href":"https:\/\/easp.org.br\/asocio\/wp-json\/wp\/v2\/users\/2"}],"replies":[{"embeddable":true,"href":"https:\/\/easp.org.br\/asocio\/wp-json\/wp\/v2\/comments?post=4072"}],"version-history":[{"count":4,"href":"https:\/\/easp.org.br\/asocio\/wp-json\/wp\/v2\/posts\/4072\/revisions"}],"predecessor-version":[{"id":4085,"href":"https:\/\/easp.org.br\/asocio\/wp-json\/wp\/v2\/posts\/4072\/revisions\/4085"}],"wp:featuredmedia":[{"embeddable":true,"href":"https:\/\/easp.org.br\/asocio\/wp-json\/wp\/v2\/media\/4077"}],"wp:attachment":[{"href":"https:\/\/easp.org.br\/asocio\/wp-json\/wp\/v2\/media?parent=4072"}],"wp:term":[{"taxonomy":"category","embeddable":true,"href":"https:\/\/easp.org.br\/asocio\/wp-json\/wp\/v2\/categories?post=4072"},{"taxonomy":"post_tag","embeddable":true,"href":"https:\/\/easp.org.br\/asocio\/wp-json\/wp\/v2\/tags?post=4072"}],"curies":[{"name":"wp","href":"https:\/\/api.w.org\/{rel}","templated":true}]}}