{"id":4068,"date":"2021-08-24T16:46:30","date_gmt":"2021-08-24T19:46:30","guid":{"rendered":"https:\/\/easp.org.br\/asocio\/?p=4068"},"modified":"2021-08-24T16:51:48","modified_gmt":"2021-08-24T19:51:48","slug":"palestra-de-agosto","status":"publish","type":"post","link":"https:\/\/easp.org.br\/asocio\/palestra-de-agosto\/","title":{"rendered":"Palestra de agosto"},"content":{"rendered":"\n<p>O convidado da Reuni\u00e3o Cultural de agosto \u00e9 o Prof. Francisco Wechsler, de Campinas-SP, que abordar\u00e1 o tema: &#8220;As mentiras estat\u00edsticas durante a epidemia do coronav\u00edrus no Brasil&#8221;.<\/p>\n\n\n\n<p>Durante a atual pandemia do COVID-19, espalham-se muitas desinforma\u00e7\u00f5es e mentiras principalmente na Internet. As estat\u00edsticas sobre \u00e0 doen\u00e7a e \u00e0s vacinas s\u00e3o distorcidas e manipuladas. A palestra tem o objetivo de advertir os ouvintes contra alguns erros graves a respeito dos referidos n\u00fameros.<\/p>\n\n\n\n<p>Francisco \u00e9 Professor universit\u00e1rio em\u00e9rito e o primeiro presidente da Organiza\u00e7\u00e3o da Juventude Esperantista Brasileira (BEJO).<\/p>\n\n\n\n<p>A palestra estar\u00e1 dispon\u00edvel no canal Viva Gazeto da EASP no pr\u00f3ximo s\u00e1bado (dia 28), a partir das 17h UTC-3. Ap\u00f3s a palestra, haver\u00e1 uma roda de perguntas com a participa\u00e7\u00e3o do palestrante.<\/p>\n\n\n\n<figure class=\"wp-block-embed is-type-video is-provider-youtube wp-block-embed-youtube wp-embed-aspect-16-9 wp-has-aspect-ratio\"><div class=\"wp-block-embed__wrapper\">\n<iframe loading=\"lazy\" title=\"Statistikaj Mensogoj dum la Kronvirusa Epidemio en BRA - Francisko Wechsler- 28\/8 17h UTC-3\" width=\"525\" height=\"295\" src=\"https:\/\/www.youtube.com\/embed\/1EWkIaMK0yE?feature=oembed\" frameborder=\"0\" allow=\"accelerometer; autoplay; clipboard-write; encrypted-media; gyroscope; picture-in-picture; web-share\" referrerpolicy=\"strict-origin-when-cross-origin\" allowfullscreen><\/iframe>\n<\/div><\/figure>\n","protected":false},"excerpt":{"rendered":"<p>O convidado da Reuni\u00e3o Cultural de agosto \u00e9 o Prof. Francisco Wechsler, de Campinas-SP, que abordar\u00e1 o tema: &#8220;As mentiras estat\u00edsticas durante a epidemia do coronav\u00edrus no Brasil&#8221;. Durante a atual pandemia do COVID-19, espalham-se muitas desinforma\u00e7\u00f5es e mentiras principalmente na Internet. As estat\u00edsticas sobre \u00e0 doen\u00e7a e \u00e0s vacinas s\u00e3o distorcidas e manipuladas. A &hellip; <\/p>\n<p class=\"link-more\"><a href=\"https:\/\/easp.org.br\/asocio\/palestra-de-agosto\/\" class=\"more-link\">Continue lendo<span class=\"screen-reader-text\"> &#8220;Palestra de agosto&#8221;<\/span><\/a><\/p>\n","protected":false},"author":2,"featured_media":4070,"comment_status":"closed","ping_status":"open","sticky":false,"template":"","format":"standard","meta":{"advgb_blocks_editor_width":"","advgb_blocks_columns_visual_guide":"","footnotes":""},"categories":[144],"tags":[],"class_list":["post-4068","post","type-post","status-publish","format-standard","has-post-thumbnail","hentry","category-blog"],"author_meta":{"display_name":"Redaktanto","author_link":"https:\/\/easp.org.br\/asocio\/author\/redaktanto\/"},"featured_img":"https:\/\/easp.org.br\/asocio\/wp-content\/uploads\/2021\/08\/wechsler-300x169.png","coauthors":[],"tax_additional":{"categories":{"linked":["<a href=\"https:\/\/easp.org.br\/asocio\/category\/blog\/\" class=\"advgb-post-tax-term\">Blog<\/a>"],"unlinked":["<span class=\"advgb-post-tax-term\">Blog<\/span>"]}},"comment_count":"0","relative_dates":{"created":"Publicado 5 anos atr\u00e1s","modified":"Atualizado 5 anos atr\u00e1s"},"absolute_dates":{"created":"Publicado em 24\/08\/2021","modified":"Atualizado em 24\/08\/2021"},"absolute_dates_time":{"created":"Publicado em 24\/08\/2021 16:46","modified":"Atualizado em 24\/08\/2021 16:51"},"featured_img_caption":"","series_order":"","_links":{"self":[{"href":"https:\/\/easp.org.br\/asocio\/wp-json\/wp\/v2\/posts\/4068"}],"collection":[{"href":"https:\/\/easp.org.br\/asocio\/wp-json\/wp\/v2\/posts"}],"about":[{"href":"https:\/\/easp.org.br\/asocio\/wp-json\/wp\/v2\/types\/post"}],"author":[{"embeddable":true,"href":"https:\/\/easp.org.br\/asocio\/wp-json\/wp\/v2\/users\/2"}],"replies":[{"embeddable":true,"href":"https:\/\/easp.org.br\/asocio\/wp-json\/wp\/v2\/comments?post=4068"}],"version-history":[{"count":1,"href":"https:\/\/easp.org.br\/asocio\/wp-json\/wp\/v2\/posts\/4068\/revisions"}],"predecessor-version":[{"id":4069,"href":"https:\/\/easp.org.br\/asocio\/wp-json\/wp\/v2\/posts\/4068\/revisions\/4069"}],"wp:featuredmedia":[{"embeddable":true,"href":"https:\/\/easp.org.br\/asocio\/wp-json\/wp\/v2\/media\/4070"}],"wp:attachment":[{"href":"https:\/\/easp.org.br\/asocio\/wp-json\/wp\/v2\/media?parent=4068"}],"wp:term":[{"taxonomy":"category","embeddable":true,"href":"https:\/\/easp.org.br\/asocio\/wp-json\/wp\/v2\/categories?post=4068"},{"taxonomy":"post_tag","embeddable":true,"href":"https:\/\/easp.org.br\/asocio\/wp-json\/wp\/v2\/tags?post=4068"}],"curies":[{"name":"wp","href":"https:\/\/api.w.org\/{rel}","templated":true}]}}