{"id":4043,"date":"2021-05-27T22:10:36","date_gmt":"2021-05-28T01:10:36","guid":{"rendered":"https:\/\/easp.org.br\/asocio\/?p=4043"},"modified":"2021-08-24T16:42:02","modified_gmt":"2021-08-24T19:42:02","slug":"palestra-de-maio","status":"publish","type":"post","link":"https:\/\/easp.org.br\/asocio\/palestra-de-maio\/","title":{"rendered":"Palestra de maio"},"content":{"rendered":"\n<p>O convidado da Reuni\u00e3o Cultural Virtual de maio \u00e9 o fisioterapeuta Carlos Andrade que abordar\u00e1 o tema: &#8220;Introdu\u00e7\u00e3o a Ergonomia: Fundamentos b\u00e1sicos biomec\u00e2nicos para o movimento do corpo&#8221;.<\/p>\n\n\n\n<p>Carlos Andrade, fisioterapeuta desde 2013, conheceu o esperanto em 2002, em Po\u00e7os de Caldas\/MG, tendo se mudado para Curitiba, em 2006, onde se elegeu presidente da Associa\u00e7\u00e3o Paranaense de Esperanto, naquele mesmo ano.<\/p>\n\n\n\n<p>A palestra estar\u00e1 dispon\u00edvel no canal <a rel=\"noreferrer noopener\" href=\"https:\/\/youtube\/com\/Vivagazeto\" target=\"_blank\">Viva Gazeto<\/a> no pr\u00f3ximo s\u00e1bado (dia 29), a partir das 17h UTC-3. Ap\u00f3s a palestra, haver\u00e1 uma roda de debate com o palestrante sobre o tema.<\/p>\n\n\n\n<figure class=\"wp-block-embed is-type-video is-provider-youtube wp-block-embed-youtube wp-embed-aspect-16-9 wp-has-aspect-ratio\"><div class=\"wp-block-embed__wrapper\">\n<iframe loading=\"lazy\" title=\"Enkonduko al Ergonomio: Bazaj biomekanikaj fundamentoj por korpmovi\u011do - Carlos Andrade el Kuritibo.\" width=\"525\" height=\"295\" src=\"https:\/\/www.youtube.com\/embed\/__MIo2rXM4U?feature=oembed\" frameborder=\"0\" allow=\"accelerometer; autoplay; clipboard-write; encrypted-media; gyroscope; picture-in-picture; web-share\" referrerpolicy=\"strict-origin-when-cross-origin\" allowfullscreen><\/iframe>\n<\/div><\/figure>\n","protected":false},"excerpt":{"rendered":"<p>O convidado da Reuni\u00e3o Cultural Virtual de maio \u00e9 o fisioterapeuta Carlos Andrade que abordar\u00e1 o tema: &#8220;Introdu\u00e7\u00e3o a Ergonomia: Fundamentos b\u00e1sicos biomec\u00e2nicos para o movimento do corpo&#8221;. Carlos Andrade, fisioterapeuta desde 2013, conheceu o esperanto em 2002, em Po\u00e7os de Caldas\/MG, tendo se mudado para Curitiba, em 2006, onde se elegeu presidente da Associa\u00e7\u00e3o &hellip; <\/p>\n<p class=\"link-more\"><a href=\"https:\/\/easp.org.br\/asocio\/palestra-de-maio\/\" class=\"more-link\">Continue lendo<span class=\"screen-reader-text\"> &#8220;Palestra de maio&#8221;<\/span><\/a><\/p>\n","protected":false},"author":2,"featured_media":4044,"comment_status":"closed","ping_status":"open","sticky":false,"template":"","format":"standard","meta":{"advgb_blocks_editor_width":"","advgb_blocks_columns_visual_guide":"","footnotes":""},"categories":[144],"tags":[],"class_list":["post-4043","post","type-post","status-publish","format-standard","has-post-thumbnail","hentry","category-blog"],"author_meta":{"display_name":"Redaktanto","author_link":"https:\/\/easp.org.br\/asocio\/author\/redaktanto\/"},"featured_img":"https:\/\/easp.org.br\/asocio\/wp-content\/uploads\/2021\/05\/karlo_ergonomio-min-300x169.png","coauthors":[],"tax_additional":{"categories":{"linked":["<a href=\"https:\/\/easp.org.br\/asocio\/category\/blog\/\" class=\"advgb-post-tax-term\">Blog<\/a>"],"unlinked":["<span class=\"advgb-post-tax-term\">Blog<\/span>"]}},"comment_count":"0","relative_dates":{"created":"Publicado 5 anos atr\u00e1s","modified":"Atualizado 5 anos atr\u00e1s"},"absolute_dates":{"created":"Publicado em 27\/05\/2021","modified":"Atualizado em 24\/08\/2021"},"absolute_dates_time":{"created":"Publicado em 27\/05\/2021 22:10","modified":"Atualizado em 24\/08\/2021 16:42"},"featured_img_caption":"","series_order":"","_links":{"self":[{"href":"https:\/\/easp.org.br\/asocio\/wp-json\/wp\/v2\/posts\/4043"}],"collection":[{"href":"https:\/\/easp.org.br\/asocio\/wp-json\/wp\/v2\/posts"}],"about":[{"href":"https:\/\/easp.org.br\/asocio\/wp-json\/wp\/v2\/types\/post"}],"author":[{"embeddable":true,"href":"https:\/\/easp.org.br\/asocio\/wp-json\/wp\/v2\/users\/2"}],"replies":[{"embeddable":true,"href":"https:\/\/easp.org.br\/asocio\/wp-json\/wp\/v2\/comments?post=4043"}],"version-history":[{"count":2,"href":"https:\/\/easp.org.br\/asocio\/wp-json\/wp\/v2\/posts\/4043\/revisions"}],"predecessor-version":[{"id":4067,"href":"https:\/\/easp.org.br\/asocio\/wp-json\/wp\/v2\/posts\/4043\/revisions\/4067"}],"wp:featuredmedia":[{"embeddable":true,"href":"https:\/\/easp.org.br\/asocio\/wp-json\/wp\/v2\/media\/4044"}],"wp:attachment":[{"href":"https:\/\/easp.org.br\/asocio\/wp-json\/wp\/v2\/media?parent=4043"}],"wp:term":[{"taxonomy":"category","embeddable":true,"href":"https:\/\/easp.org.br\/asocio\/wp-json\/wp\/v2\/categories?post=4043"},{"taxonomy":"post_tag","embeddable":true,"href":"https:\/\/easp.org.br\/asocio\/wp-json\/wp\/v2\/tags?post=4043"}],"curies":[{"name":"wp","href":"https:\/\/api.w.org\/{rel}","templated":true}]}}