{"id":4024,"date":"2021-05-18T17:40:19","date_gmt":"2021-05-18T20:40:19","guid":{"rendered":"https:\/\/easp.org.br\/asocio\/?p=4024"},"modified":"2021-05-18T17:40:47","modified_gmt":"2021-05-18T20:40:47","slug":"novo-evento-da-bejo","status":"publish","type":"post","link":"https:\/\/easp.org.br\/asocio\/novo-evento-da-bejo\/","title":{"rendered":"Novo evento da BEJO"},"content":{"rendered":"\n<p>1\u00ba &#8220;Encontro da Juventude Esperantista do Sudeste&#8221; (REJS)<\/p>\n\n\n\n<p>REJS \u00e9 o novo evento da Organiza\u00e7\u00e3o da Juventude Esperantista Brasileira (BEJO), que tem como objetivo reunir os jovens esperantistas da regi\u00e3o Sudeste.<br><br>O evento acontecer\u00e1 entre os dias 21 e 23 de maio de forma online e gratuita.<\/p>\n\n\n\n<p>O &#8220;Encontro da Juventude Esperantista do Sudeste&#8221; ou &#8220;REJS&#8221;, possui uma programa\u00e7\u00e3o bem diversificada e voltada para jovens, por\u00e9m qualquer pessoa de qualquer idade pode participar!<br>Durante o evento teremos palestras, jogos, rodas de conversa e v\u00e1rias outras atividades interativas. Toda a programa\u00e7\u00e3o ser\u00e1 disponibilizada aqui em breve.<br><br>Para se inscrever, preencha o <a rel=\"noreferrer noopener\" href=\"https:\/\/forms.gle\/uuUTvfuFisgGeyBU9\" target=\"_blank\">formul\u00e1rio de inscri\u00e7\u00e3o<\/a>. N\u00e3o se esque\u00e7a de participar do nosso <a rel=\"noreferrer noopener\" href=\"https:\/\/mallonge.net\/rejs2021\" target=\"_blank\">grupo do evento <\/a>, convidar amigos, ficar atento \u00e0s pr\u00f3ximas mensagens e participar do mais novo evento jovem do Brasil! \ud83d\ude00<\/p>\n\n\n\n<p>Mais informa\u00e7\u00f5es em <a href=\"https:\/\/www.aerj.org.br\/encontro2021\" target=\"_blank\" rel=\"noreferrer noopener\">Encontro Estadual e REJS | AERJ<\/a><\/p>\n\n\n\n<p><\/p>\n","protected":false},"excerpt":{"rendered":"<p>1\u00ba &#8220;Encontro da Juventude Esperantista do Sudeste&#8221; (REJS) REJS \u00e9 o novo evento da Organiza\u00e7\u00e3o da Juventude Esperantista Brasileira (BEJO), que tem como objetivo reunir os jovens esperantistas da regi\u00e3o Sudeste. O evento acontecer\u00e1 entre os dias 21 e 23 de maio de forma online e gratuita. O &#8220;Encontro da Juventude Esperantista do Sudeste&#8221; ou &hellip; <\/p>\n<p class=\"link-more\"><a href=\"https:\/\/easp.org.br\/asocio\/novo-evento-da-bejo\/\" class=\"more-link\">Continue lendo<span class=\"screen-reader-text\"> &#8220;Novo evento da BEJO&#8221;<\/span><\/a><\/p>\n","protected":false},"author":2,"featured_media":4025,"comment_status":"closed","ping_status":"open","sticky":false,"template":"","format":"standard","meta":{"advgb_blocks_editor_width":"","advgb_blocks_columns_visual_guide":"","footnotes":""},"categories":[144],"tags":[],"class_list":["post-4024","post","type-post","status-publish","format-standard","has-post-thumbnail","hentry","category-blog"],"author_meta":{"display_name":"Redaktanto","author_link":"https:\/\/easp.org.br\/asocio\/author\/redaktanto\/"},"featured_img":"https:\/\/easp.org.br\/asocio\/wp-content\/uploads\/2021\/05\/Encontro_majo21-23-min-300x169.png","coauthors":[],"tax_additional":{"categories":{"linked":["<a href=\"https:\/\/easp.org.br\/asocio\/category\/blog\/\" class=\"advgb-post-tax-term\">Blog<\/a>"],"unlinked":["<span class=\"advgb-post-tax-term\">Blog<\/span>"]}},"comment_count":"0","relative_dates":{"created":"Publicado 5 anos atr\u00e1s","modified":"Atualizado 5 anos atr\u00e1s"},"absolute_dates":{"created":"Publicado em 18\/05\/2021","modified":"Atualizado em 18\/05\/2021"},"absolute_dates_time":{"created":"Publicado em 18\/05\/2021 17:40","modified":"Atualizado em 18\/05\/2021 17:40"},"featured_img_caption":"","series_order":"","_links":{"self":[{"href":"https:\/\/easp.org.br\/asocio\/wp-json\/wp\/v2\/posts\/4024"}],"collection":[{"href":"https:\/\/easp.org.br\/asocio\/wp-json\/wp\/v2\/posts"}],"about":[{"href":"https:\/\/easp.org.br\/asocio\/wp-json\/wp\/v2\/types\/post"}],"author":[{"embeddable":true,"href":"https:\/\/easp.org.br\/asocio\/wp-json\/wp\/v2\/users\/2"}],"replies":[{"embeddable":true,"href":"https:\/\/easp.org.br\/asocio\/wp-json\/wp\/v2\/comments?post=4024"}],"version-history":[{"count":1,"href":"https:\/\/easp.org.br\/asocio\/wp-json\/wp\/v2\/posts\/4024\/revisions"}],"predecessor-version":[{"id":4026,"href":"https:\/\/easp.org.br\/asocio\/wp-json\/wp\/v2\/posts\/4024\/revisions\/4026"}],"wp:featuredmedia":[{"embeddable":true,"href":"https:\/\/easp.org.br\/asocio\/wp-json\/wp\/v2\/media\/4025"}],"wp:attachment":[{"href":"https:\/\/easp.org.br\/asocio\/wp-json\/wp\/v2\/media?parent=4024"}],"wp:term":[{"taxonomy":"category","embeddable":true,"href":"https:\/\/easp.org.br\/asocio\/wp-json\/wp\/v2\/categories?post=4024"},{"taxonomy":"post_tag","embeddable":true,"href":"https:\/\/easp.org.br\/asocio\/wp-json\/wp\/v2\/tags?post=4024"}],"curies":[{"name":"wp","href":"https:\/\/api.w.org\/{rel}","templated":true}]}}