{"id":4008,"date":"2021-04-23T10:57:49","date_gmt":"2021-04-23T13:57:49","guid":{"rendered":"https:\/\/easp.org.br\/asocio\/?p=4008"},"modified":"2021-04-23T10:59:40","modified_gmt":"2021-04-23T13:59:40","slug":"palestra-de-abril","status":"publish","type":"post","link":"https:\/\/easp.org.br\/asocio\/palestra-de-abril\/","title":{"rendered":"Palestra de abril"},"content":{"rendered":"\n<p>O convidado da Reuni\u00e3o Cultural virtual de abril \u00e9 o Prof. F\u00e1bio Fortes, de Juiz de Fora &#8211; MG, que falar\u00e1 sobre <em>&#8220;Diretrizes para um bom di\u00e1logo: o que Plat\u00e3o nos ensina sobre entendimento amistoso e aprendizado?&#8221;<\/em><\/p>\n\n\n\n<div class=\"wp-block-media-text alignwide has-media-on-the-right is-stacked-on-mobile is-vertically-aligned-center\" style=\"grid-template-columns:auto 15%\"><figure class=\"wp-block-media-text__media\"><img loading=\"lazy\" decoding=\"async\" width=\"477\" height=\"844\" src=\"https:\/\/easp.org.br\/asocio\/wp-content\/uploads\/2021\/04\/fabio1.jpeg\" alt=\"\" class=\"wp-image-4010 size-full\" srcset=\"https:\/\/easp.org.br\/asocio\/wp-content\/uploads\/2021\/04\/fabio1.jpeg 477w, https:\/\/easp.org.br\/asocio\/wp-content\/uploads\/2021\/04\/fabio1-170x300.jpeg 170w\" sizes=\"(max-width: 477px) 100vw, 477px\" \/><\/figure><div class=\"wp-block-media-text__content\">\n<p>F\u00e1bio Fortes, Professor de Filosofia e L\u00ednguas Cl\u00e1ssicas, conheceu o Esperanto em 1999 e desde ent\u00e3o vem colaborando com o movimento esperantista em particular na Associa\u00e7\u00e3o Cultural de Esperanto (KEA) da sua cidade.<\/p>\n\n\n\n<p>A palestra estar\u00e1 dispon\u00edvel no canal <a rel=\"noreferrer noopener\" href=\"https:\/\/www.youtube.com\/vivagazeto\" target=\"_blank\">Viva Gazeto<\/a> a partir do dia 24, pelo endere\u00e7o: <a rel=\"noreferrer noopener\" href=\"https:\/\/youtu.be\/3DTD1HVhUU0\" target=\"_blank\">https:\/\/youtu.be\/<\/a> No mesmo dia, \u00e0s 17h, haver\u00e1 uma roda de debate sobre o tema da palestra.<\/p>\n<\/div><\/div>\n\n\n\n<p>Aproveita para ler a <a rel=\"noreferrer noopener\" href=\"https:\/\/easp.org.br\/lampiro\/lampiro_168.pdf\" target=\"_blank\">\u00faltima edi\u00e7\u00e3o<\/a> da revista La Lampiro dispon\u00edvel para baixar no site da EASP.<\/p>\n\n\n\n<div class=\"wp-block-image\"><figure class=\"aligncenter size-large\"><img loading=\"lazy\" decoding=\"async\" width=\"194\" height=\"276\" src=\"https:\/\/easp.org.br\/asocio\/wp-content\/uploads\/2021\/04\/lampiro168-1.jpg\" alt=\"\" class=\"wp-image-4009\"\/><\/figure><\/div>\n","protected":false},"excerpt":{"rendered":"<p>O convidado da Reuni\u00e3o Cultural virtual de abril \u00e9 o Prof. F\u00e1bio Fortes, de Juiz de Fora &#8211; MG, que falar\u00e1 sobre &#8220;Diretrizes para um bom di\u00e1logo: o que Plat\u00e3o nos ensina sobre entendimento amistoso e aprendizado?&#8221; F\u00e1bio Fortes, Professor de Filosofia e L\u00ednguas Cl\u00e1ssicas, conheceu o Esperanto em 1999 e desde ent\u00e3o vem colaborando &hellip; <\/p>\n<p class=\"link-more\"><a href=\"https:\/\/easp.org.br\/asocio\/palestra-de-abril\/\" class=\"more-link\">Continue lendo<span class=\"screen-reader-text\"> &#8220;Palestra de abril&#8221;<\/span><\/a><\/p>\n","protected":false},"author":2,"featured_media":4011,"comment_status":"closed","ping_status":"open","sticky":false,"template":"","format":"standard","meta":{"advgb_blocks_editor_width":"","advgb_blocks_columns_visual_guide":"","footnotes":""},"categories":[144],"tags":[],"class_list":["post-4008","post","type-post","status-publish","format-standard","has-post-thumbnail","hentry","category-blog"],"author_meta":{"display_name":"Redaktanto","author_link":"https:\/\/easp.org.br\/asocio\/author\/redaktanto\/"},"featured_img":"https:\/\/easp.org.br\/asocio\/wp-content\/uploads\/2021\/04\/fabiofortes-300x169.png","coauthors":[],"tax_additional":{"categories":{"linked":["<a href=\"https:\/\/easp.org.br\/asocio\/category\/blog\/\" class=\"advgb-post-tax-term\">Blog<\/a>"],"unlinked":["<span class=\"advgb-post-tax-term\">Blog<\/span>"]}},"comment_count":"0","relative_dates":{"created":"Publicado 5 anos atr\u00e1s","modified":"Atualizado 5 anos atr\u00e1s"},"absolute_dates":{"created":"Publicado em 23\/04\/2021","modified":"Atualizado em 23\/04\/2021"},"absolute_dates_time":{"created":"Publicado em 23\/04\/2021 10:57","modified":"Atualizado em 23\/04\/2021 10:59"},"featured_img_caption":"","series_order":"","_links":{"self":[{"href":"https:\/\/easp.org.br\/asocio\/wp-json\/wp\/v2\/posts\/4008"}],"collection":[{"href":"https:\/\/easp.org.br\/asocio\/wp-json\/wp\/v2\/posts"}],"about":[{"href":"https:\/\/easp.org.br\/asocio\/wp-json\/wp\/v2\/types\/post"}],"author":[{"embeddable":true,"href":"https:\/\/easp.org.br\/asocio\/wp-json\/wp\/v2\/users\/2"}],"replies":[{"embeddable":true,"href":"https:\/\/easp.org.br\/asocio\/wp-json\/wp\/v2\/comments?post=4008"}],"version-history":[{"count":1,"href":"https:\/\/easp.org.br\/asocio\/wp-json\/wp\/v2\/posts\/4008\/revisions"}],"predecessor-version":[{"id":4012,"href":"https:\/\/easp.org.br\/asocio\/wp-json\/wp\/v2\/posts\/4008\/revisions\/4012"}],"wp:featuredmedia":[{"embeddable":true,"href":"https:\/\/easp.org.br\/asocio\/wp-json\/wp\/v2\/media\/4011"}],"wp:attachment":[{"href":"https:\/\/easp.org.br\/asocio\/wp-json\/wp\/v2\/media?parent=4008"}],"wp:term":[{"taxonomy":"category","embeddable":true,"href":"https:\/\/easp.org.br\/asocio\/wp-json\/wp\/v2\/categories?post=4008"},{"taxonomy":"post_tag","embeddable":true,"href":"https:\/\/easp.org.br\/asocio\/wp-json\/wp\/v2\/tags?post=4008"}],"curies":[{"name":"wp","href":"https:\/\/api.w.org\/{rel}","templated":true}]}}