{"id":4001,"date":"2021-04-01T18:52:14","date_gmt":"2021-04-01T21:52:14","guid":{"rendered":"https:\/\/easp.org.br\/asocio\/?p=4001"},"modified":"2021-11-18T13:01:05","modified_gmt":"2021-11-18T16:01:05","slug":"esperanto-noticias-2","status":"publish","type":"post","link":"https:\/\/easp.org.br\/asocio\/esperanto-noticias-2\/","title":{"rendered":"Esperanto Not\u00edcias #2"},"content":{"rendered":"\n<figure class=\"wp-block-audio\"><audio controls src=\"https:\/\/easp.org.br\/asocio\/wp-content\/uploads\/2021\/04\/EN0002.mp3\"><\/audio><figcaption>Esperanto Not\u00edcias #2 (01\/08\/2020)<\/figcaption><\/figure>\n\n\n\n<h2 class=\"wp-block-heading\">APRENDER ESPERANTO PELO DUOLINGO<\/h2>\n\n\n\n<p>Duolingo tornou-se uma das maiores plataformas para o estudo de l\u00ednguas no mundo. Um verdadeiro fen\u00f4meno que demonstra de modo cabal que os homens n\u00e3o aceitam a imposi\u00e7\u00e3o de um \u00fanico idioma local a dominar o multilinguismo natural da humanidade. Pelo Duolingo se pode ter acesso \u00e0s mais (para n\u00f3s) distantes l\u00ednguas do mundo.<br>Pode-se aprender tamb\u00e9m o Esperanto pelo <a href=\"https:\/\/www.duolingo.com\/\">Duolingo<\/a>. H\u00e1 alguns anos, ficou dispon\u00edvel o estudo a partir de falantes do Ingl\u00eas. Foi um sucesso: centenas de milhares de estudantes de l\u00edngua inglesa se engajaram no estudo do Esperanto por esse meio. Pouco depois, o mesmo recurso foi disponibilizado a partir do Espanhol, depois do Portugu\u00eas. Agora a plataforma acaba de produzir o aprendizado do Esperanto para conhecedores de Franc\u00eas. Em todos esses segmentos, o interesse dos internautas foi o mesmo. At\u00e9 agora, registraram-se milh\u00f5es de registros de estudantes de Esperanto pelo <a href=\"https:\/\/www.duolingo.com\/\">Duolingo<\/a>. Em tempos de pandemia, trata-se de uma interessante atividade!&nbsp;&nbsp; <br>&nbsp;<\/p>\n\n\n\n<hr class=\"wp-block-separator\"\/>\n\n\n\n<h2 class=\"wp-block-heading\">COME\u00c7A O PRIMEIRO CONGRESSO MUNDIAL VIRTUAL DE ESPERANTO<\/h2>\n\n\n\n<p>Este 1\u00b0 de agosto de 2020 se torna data hist\u00f3rica para o Movimento Esperantista Mundial. \u00c9 a abertura do Primeiro <a href=\"https:\/\/vk.mondafest.net\/\">Congresso Mundial de Esperanto<\/a> em ambiente totalmente virtual. Sinal dos tempos: nunca uma tecnologia t\u00e3o universalista esteve a servi\u00e7o coerente de um idioma t\u00e3o internacional. Durante uma semana, ser\u00e3o dezenas de salas de discuss\u00e3o, palestras, apresenta\u00e7\u00f5es de m\u00fasica e teatro, cursos, oficinas, exposi\u00e7\u00f5es, al\u00e9m de simples conversas livres entre \u201csamideanos\u201d de todas as partes do mundo. At\u00e9 um \u201cbanquete\u201d foi programado! \u00c9 uma experi\u00eancia \u00fanica, quando se encontram numa mesma sala de conversa Esperantistas da Pol\u00f4nia, Brasil, Rep\u00fablica do Congo, Ir\u00e3, Col\u00f4mbia, Vietn\u00e3, \u00cdndia, China e Finl\u00e2ndia \u2013 para citar apenas alguns. Para quem desconfia da vitalidade do Esperanto no mundo, vale a pena conferir. Espera-se mais de 2000 inscritos no referido congresso, de todas as partes do mundo. <\/p>\n","protected":false},"excerpt":{"rendered":"<p>1. Aprender Esperanto pelo Duolingo<br \/>\n2. Come\u00e7a o primeiro Congresso Mundial Virtual de Esperanto<\/p>\n","protected":false},"author":2,"featured_media":3999,"comment_status":"closed","ping_status":"open","sticky":false,"template":"","format":"standard","meta":{"advgb_blocks_editor_width":"","advgb_blocks_columns_visual_guide":"","footnotes":""},"categories":[141],"tags":[],"class_list":["post-4001","post","type-post","status-publish","format-standard","has-post-thumbnail","hentry","category-podcast"],"author_meta":{"display_name":"Redaktanto","author_link":"https:\/\/easp.org.br\/asocio\/author\/redaktanto\/"},"featured_img":"https:\/\/easp.org.br\/asocio\/wp-content\/uploads\/2021\/03\/enoticias-300x168.jpg","coauthors":[],"tax_additional":{"categories":{"linked":["<a href=\"https:\/\/easp.org.br\/asocio\/category\/podcast\/\" class=\"advgb-post-tax-term\">Podcast<\/a>"],"unlinked":["<span class=\"advgb-post-tax-term\">Podcast<\/span>"]}},"comment_count":"0","relative_dates":{"created":"Publicado 5 anos atr\u00e1s","modified":"Atualizado 4 anos atr\u00e1s"},"absolute_dates":{"created":"Publicado em 01\/04\/2021","modified":"Atualizado em 18\/11\/2021"},"absolute_dates_time":{"created":"Publicado em 01\/04\/2021 18:52","modified":"Atualizado em 18\/11\/2021 13:01"},"featured_img_caption":"","series_order":"","_links":{"self":[{"href":"https:\/\/easp.org.br\/asocio\/wp-json\/wp\/v2\/posts\/4001"}],"collection":[{"href":"https:\/\/easp.org.br\/asocio\/wp-json\/wp\/v2\/posts"}],"about":[{"href":"https:\/\/easp.org.br\/asocio\/wp-json\/wp\/v2\/types\/post"}],"author":[{"embeddable":true,"href":"https:\/\/easp.org.br\/asocio\/wp-json\/wp\/v2\/users\/2"}],"replies":[{"embeddable":true,"href":"https:\/\/easp.org.br\/asocio\/wp-json\/wp\/v2\/comments?post=4001"}],"version-history":[{"count":3,"href":"https:\/\/easp.org.br\/asocio\/wp-json\/wp\/v2\/posts\/4001\/revisions"}],"predecessor-version":[{"id":4343,"href":"https:\/\/easp.org.br\/asocio\/wp-json\/wp\/v2\/posts\/4001\/revisions\/4343"}],"wp:featuredmedia":[{"embeddable":true,"href":"https:\/\/easp.org.br\/asocio\/wp-json\/wp\/v2\/media\/3999"}],"wp:attachment":[{"href":"https:\/\/easp.org.br\/asocio\/wp-json\/wp\/v2\/media?parent=4001"}],"wp:term":[{"taxonomy":"category","embeddable":true,"href":"https:\/\/easp.org.br\/asocio\/wp-json\/wp\/v2\/categories?post=4001"},{"taxonomy":"post_tag","embeddable":true,"href":"https:\/\/easp.org.br\/asocio\/wp-json\/wp\/v2\/tags?post=4001"}],"curies":[{"name":"wp","href":"https:\/\/api.w.org\/{rel}","templated":true}]}}