{"id":3932,"date":"2020-12-08T16:35:01","date_gmt":"2020-12-08T19:35:01","guid":{"rendered":"http:\/\/easp.org.br\/asocio\/?p=3932"},"modified":"2021-04-01T18:04:39","modified_gmt":"2021-04-01T21:04:39","slug":"zamenhofa-tago-2020","status":"publish","type":"post","link":"https:\/\/easp.org.br\/asocio\/zamenhofa-tago-2020\/","title":{"rendered":"Zamenhofa Tago 2020"},"content":{"rendered":"\n<p>La \u0109i-jara aran\u011do Zamenhof-Tago, per kiu la asocio fermas la kalendaron de siaj aktivecoj, okazos virtuale la 12an de decembro ekde la 14h (UTC-3) per la aplika\u0135o <a href=\"http:\/\/tiny.cc\/zamfesto\" target=\"_blank\" rel=\"noreferrer noopener\">Zoom<\/a> (http:\/\/tiny.cc\/zamfesto).<\/p>\n\n\n\n<p>Por la okazo estis invititaj la gastoj:<\/p>\n\n\n\n<p><strong>Karlos Peskera Alonso <\/strong>(Hispanio), kiu parolos pri &#8220;La jutubigo de Scivolemo, jutuba kvalita kanalo pri scienco en Esperanto&#8221;.<\/p>\n\n\n\n<div class=\"wp-block-group\"><div class=\"wp-block-group__inner-container is-layout-flow wp-block-group-is-layout-flow\">\n<div class=\"wp-block-group\"><div class=\"wp-block-group__inner-container is-layout-flow wp-block-group-is-layout-flow\">\n<p class=\"has-text-align-left\"><\/p>\n\n\n\n<div class=\"wp-block-media-text alignwide is-stacked-on-mobile\" style=\"grid-template-columns:21% auto\"><figure class=\"wp-block-media-text__media\"><img loading=\"lazy\" decoding=\"async\" width=\"177\" height=\"177\" src=\"https:\/\/easp.org.br\/asocio\/wp-content\/uploads\/2020\/12\/peskera2-1.png\" alt=\"\" class=\"wp-image-3935\" srcset=\"https:\/\/easp.org.br\/asocio\/wp-content\/uploads\/2020\/12\/peskera2-1.png 177w, https:\/\/easp.org.br\/asocio\/wp-content\/uploads\/2020\/12\/peskera2-1-150x150.png 150w\" sizes=\"(max-width: 177px) 100vw, 177px\" \/><\/figure><div class=\"wp-block-media-text__content\">\n<div class=\"wp-block-group\"><div class=\"wp-block-group__inner-container is-layout-flow wp-block-group-is-layout-flow\">\n<p style=\"font-size:15px\">Karlos estas vicprezidanto de Tutmonda Esperantista Junulara Organizo (TEJO), esploristo kaj aktivulo interalie de la grupo Scivolemo (scivolemo.wordpress.com) kaj de Biciklista Esperantista Movado Internacia (BEMI).<\/p>\n<\/div><\/div>\n\n\n\n<p><\/p>\n<\/div><\/div>\n<\/div><\/div>\n<\/div><\/div>\n\n\n\n<div class=\"wp-block-group\"><div class=\"wp-block-group__inner-container is-layout-flow wp-block-group-is-layout-flow\">\n<p><\/p>\n\n\n\n<div class=\"wp-block-group\"><div class=\"wp-block-group__inner-container is-layout-flow wp-block-group-is-layout-flow\"><\/div><\/div>\n<\/div><\/div>\n\n\n\n<p><strong>Audino Rashi <\/strong>(Brazilo), kiu prezentos la temon &#8220;Lernado estas nur unu el la manieroj travivi Feli\u0109on&#8221;.<\/p>\n\n\n\n<div class=\"wp-block-media-text alignwide is-stacked-on-mobile\" style=\"grid-template-columns:21% auto\"><figure class=\"wp-block-media-text__media\"><img loading=\"lazy\" decoding=\"async\" width=\"177\" height=\"177\" src=\"https:\/\/easp.org.br\/asocio\/wp-content\/uploads\/2020\/12\/rashi2.png\" alt=\"\" class=\"wp-image-3936\" srcset=\"https:\/\/easp.org.br\/asocio\/wp-content\/uploads\/2020\/12\/rashi2.png 177w, https:\/\/easp.org.br\/asocio\/wp-content\/uploads\/2020\/12\/rashi2-150x150.png 150w\" sizes=\"(max-width: 177px) 100vw, 177px\" \/><\/figure><div class=\"wp-block-media-text__content\">\n<p style=\"font-size:15px\">Audino diplomi\u011dis pri Matematiko (PUC-SP), kun speciali\u011do pri etnomatematiko (USF), magistri\u011dis pri la temo &#8220;Matematiko de disleksio&#8221; (UNICAMP), instruis en publikaj kaj privataj lernejoj dum 35 jaroj, kaj estas membro de Esperanto-Asocio de San-Pa\u016dlo (EASP) ekde 1992.<\/p>\n<\/div><\/div>\n\n\n\n<p><strong>Paulo S\u00e9rgio Viana<\/strong> (Brazilo), kiu prezentos la temon &#8220;Kiamaniere indus vere oma\u011di la majstron?&#8221;<\/p>\n\n\n\n<div class=\"wp-block-media-text alignwide is-stacked-on-mobile\" style=\"grid-template-columns:21% auto\"><figure class=\"wp-block-media-text__media\"><img loading=\"lazy\" decoding=\"async\" width=\"177\" height=\"177\" src=\"https:\/\/easp.org.br\/asocio\/wp-content\/uploads\/2020\/12\/paulo2.png\" alt=\"\" class=\"wp-image-3937\" srcset=\"https:\/\/easp.org.br\/asocio\/wp-content\/uploads\/2020\/12\/paulo2.png 177w, https:\/\/easp.org.br\/asocio\/wp-content\/uploads\/2020\/12\/paulo2-150x150.png 150w\" sizes=\"(max-width: 177px) 100vw, 177px\" \/><\/figure><div class=\"wp-block-media-text__content\">\n<p style=\"font-size:15px\">Paulo estas emerita kuracisto, tradukisto, preleganto, poeto, verkemulo plurfoje premiita en la Belartaj Konkursoj de Universala Esperanto-Asocio (UEA), redaktanto de La Lampiro, organo de EASP, kaj ties nuna vicprezidanto.<\/p>\n<\/div><\/div>\n\n\n\n<p><\/p>\n","protected":false},"excerpt":{"rendered":"<p>La \u0109i-jara aran\u011do Zamenhof-Tago, per kiu la asocio fermas la kalendaron de siaj aktivecoj, okazos virtuale la 12an de decembro ekde la 14h (UTC-3) per la aplika\u0135o Zoom (http:\/\/tiny.cc\/zamfesto). Por la okazo estis invititaj la gastoj: Karlos Peskera Alonso (Hispanio), kiu parolos pri &#8220;La jutubigo de Scivolemo, jutuba kvalita kanalo pri scienco en Esperanto&#8221;. Karlos &hellip; <\/p>\n<p class=\"link-more\"><a href=\"https:\/\/easp.org.br\/asocio\/zamenhofa-tago-2020\/\" class=\"more-link\">Continue lendo<span class=\"screen-reader-text\"> &#8220;Zamenhofa Tago 2020&#8221;<\/span><\/a><\/p>\n","protected":false},"author":2,"featured_media":3938,"comment_status":"closed","ping_status":"open","sticky":false,"template":"","format":"standard","meta":{"advgb_blocks_editor_width":"","advgb_blocks_columns_visual_guide":"","footnotes":""},"categories":[144],"tags":[138,137],"class_list":["post-3932","post","type-post","status-publish","format-standard","has-post-thumbnail","hentry","category-blog","tag-zamenhof-tago","tag-zamtago"],"author_meta":{"display_name":"Redaktanto","author_link":"https:\/\/easp.org.br\/asocio\/author\/redaktanto\/"},"featured_img":"https:\/\/easp.org.br\/asocio\/wp-content\/uploads\/2020\/12\/zamtago2020-300x169.jpg","coauthors":[],"tax_additional":{"categories":{"linked":["<a href=\"https:\/\/easp.org.br\/asocio\/category\/blog\/\" class=\"advgb-post-tax-term\">Blog<\/a>"],"unlinked":["<span class=\"advgb-post-tax-term\">Blog<\/span>"]},"tags":{"linked":["<a href=\"https:\/\/easp.org.br\/asocio\/category\/blog\/\" class=\"advgb-post-tax-term\">Zamenhof-Tago<\/a>","<a href=\"https:\/\/easp.org.br\/asocio\/category\/blog\/\" class=\"advgb-post-tax-term\">Zamtago<\/a>"],"unlinked":["<span class=\"advgb-post-tax-term\">Zamenhof-Tago<\/span>","<span class=\"advgb-post-tax-term\">Zamtago<\/span>"]}},"comment_count":"0","relative_dates":{"created":"Publicado 5 anos atr\u00e1s","modified":"Atualizado 5 anos atr\u00e1s"},"absolute_dates":{"created":"Publicado em 08\/12\/2020","modified":"Atualizado em 01\/04\/2021"},"absolute_dates_time":{"created":"Publicado em 08\/12\/2020 16:35","modified":"Atualizado em 01\/04\/2021 18:04"},"featured_img_caption":"","series_order":"","_links":{"self":[{"href":"https:\/\/easp.org.br\/asocio\/wp-json\/wp\/v2\/posts\/3932"}],"collection":[{"href":"https:\/\/easp.org.br\/asocio\/wp-json\/wp\/v2\/posts"}],"about":[{"href":"https:\/\/easp.org.br\/asocio\/wp-json\/wp\/v2\/types\/post"}],"author":[{"embeddable":true,"href":"https:\/\/easp.org.br\/asocio\/wp-json\/wp\/v2\/users\/2"}],"replies":[{"embeddable":true,"href":"https:\/\/easp.org.br\/asocio\/wp-json\/wp\/v2\/comments?post=3932"}],"version-history":[{"count":4,"href":"https:\/\/easp.org.br\/asocio\/wp-json\/wp\/v2\/posts\/3932\/revisions"}],"predecessor-version":[{"id":3942,"href":"https:\/\/easp.org.br\/asocio\/wp-json\/wp\/v2\/posts\/3932\/revisions\/3942"}],"wp:featuredmedia":[{"embeddable":true,"href":"https:\/\/easp.org.br\/asocio\/wp-json\/wp\/v2\/media\/3938"}],"wp:attachment":[{"href":"https:\/\/easp.org.br\/asocio\/wp-json\/wp\/v2\/media?parent=3932"}],"wp:term":[{"taxonomy":"category","embeddable":true,"href":"https:\/\/easp.org.br\/asocio\/wp-json\/wp\/v2\/categories?post=3932"},{"taxonomy":"post_tag","embeddable":true,"href":"https:\/\/easp.org.br\/asocio\/wp-json\/wp\/v2\/tags?post=3932"}],"curies":[{"name":"wp","href":"https:\/\/api.w.org\/{rel}","templated":true}]}}