{"id":2712,"date":"2018-06-05T22:43:47","date_gmt":"2018-06-06T01:43:47","guid":{"rendered":"http:\/\/easp.org.br\/asocio\/?p=2712"},"modified":"2021-04-01T18:10:02","modified_gmt":"2021-04-01T21:10:02","slug":"bke-kaj-gia-bunta-publiko","status":"publish","type":"post","link":"https:\/\/easp.org.br\/asocio\/bke-kaj-gia-bunta-publiko\/","title":{"rendered":"BKE kaj \u011dia bunta publiko"},"content":{"rendered":"<figure id=\"attachment_2713\" aria-describedby=\"caption-attachment-2713\" style=\"width: 334px\" class=\"wp-caption alignright\"><img loading=\"lazy\" decoding=\"async\" class=\"wp-image-2713\" src=\"http:\/\/easp.org.br\/asocio\/wp-content\/uploads\/2018\/06\/bke2018.jpg\" alt=\"\" width=\"334\" height=\"213\" srcset=\"https:\/\/easp.org.br\/asocio\/wp-content\/uploads\/2018\/06\/bke2018.jpg 730w, https:\/\/easp.org.br\/asocio\/wp-content\/uploads\/2018\/06\/bke2018-300x192.jpg 300w, https:\/\/easp.org.br\/asocio\/wp-content\/uploads\/2018\/06\/bke2018-250x160.jpg 250w\" sizes=\"(max-width: 334px) 100vw, 334px\" \/><figcaption id=\"caption-attachment-2713\" class=\"wp-caption-text\">(Foto: PEA) &#8211; Fermo de la evento<\/figcaption><\/figure>\n<p>Inter la 31-a de majo kaj la 3-a de junio 2018, en bonega etoso, okazis la 53-a Brazila Kongreso de Esperanto kaj la 38-a Kongreso de Brazila Esperantista Junulara Organizo, en la urbo Kuritibo, \u015dtato Paran\u00e1, Brazilo.<\/p>\n<p>Oni povas diri, ke \u011di estis preska\u016d perfekta evento: densa, ri\u0109enhava kaj bone organizita programo, dum kiu prezenti\u011dis serio da bonnivelaj prelegoj kaj diskutoj pri plej variaj temoj. Belegaj ceremonioj malfermis kaj fermis la kongreson, dum kiuj oni montris plurajn buntajn muzikajn kaj dancajn spektaklojn, fare de la lokaj artistoj. (Tiusence, oni elstarigu la intensan \u0109eestadon de neesperantista publiko en parto de la kongresejo, kiu estis publike alirebla!).<\/p>\n<p>La dumkongresaj artaj vesperoj estis eksterordinare altnivelaj: unu el ili, prezento de rafinita \u201cFesta Rekviemo por Priplorinda Mondo\u201d (a\u016dtoro Jorge Telles, originale en Esperanto); la alia, prezento de esperantigitaj muzika\u0135oj fare de moderna \u0135azeca ensemblo kaj kanto de la konata Fl\u00e1vio Fonseca. En unu posttagmeza momento, estis spektebla la teatra\u0135o \u201cTiradentes\u201d, monologo de la veterana Esperantisto Amar\u00edlio Carvalho, en la publika parto de la kongresejo.<\/p>\n<p>Okazis anka\u016d administraj movadaj proceduroj, nome asembleoj de BEL kaj BEJO. En la lasta arta vespero, estis anoncitaj la rezultoj de Literatura Konkurso de BEJO.<\/p>\n<p>Oni proponis al kongresanoj partoprenon en la ekzamenoj de Komuna E\u016dropa\u00a0Referenckadro (la mondkonataj \u201cKER-Ekzamenoj\u201d), kiun prizorgas <a href=\"http:\/\/edukado.net\">edukado.net<\/a>,\u00a0kaj ali\u011dis fakte 24 kandidatoj. Persone akompanis la procedon el E\u016dropo la\u00a0senlaca Katalin Kov\u00e1ts, en kunlaboro kun la brazila respondeca teamo.<\/p>\n<p>Dum la tuta kongreso funkciis bona libroservo. La kongresejo situis en la Universitato UNINTER, kiu simpatias al Esperanto kaj senpage cedis komfortajn \u0109ambrojn provizitajn per komputilaj projekciiloj kaj bona interreta konekto.<\/p>\n<p>Kurioza programero estis la 1-a Kurado Esperanto por Paco kaj Diverseco, kiun oni bonege organizis en bela natura parko. \u0108eestis anka\u016d multaj neesperantistoj kaj oni abunde informis pri nia lingvo al tiu sportema, energioplena publiko.<\/p>\n<p>La kongreson partoprenis 240 homoj, inter kiuj kelkaj argentinanoj. Oni substreku la partoprenon de 42 gejunuloj.<\/p>\n<p>Raportis: Pa\u016dlo Sergio Viana<\/p>\n","protected":false},"excerpt":{"rendered":"<p>Inter la 31-a de majo kaj la 3-a de junio 2018, en bonega etoso, okazis la 53-a Brazila Kongreso de Esperanto kaj la 38-a Kongreso de Brazila Esperantista Junulara Organizo, en la urbo Kuritibo, \u015dtato Paran\u00e1, Brazilo. Oni povas diri, ke \u011di estis preska\u016d perfekta evento: densa, ri\u0109enhava kaj bone organizita programo, dum kiu prezenti\u011dis &hellip; <\/p>\n<p class=\"link-more\"><a href=\"https:\/\/easp.org.br\/asocio\/bke-kaj-gia-bunta-publiko\/\" class=\"more-link\">Continue lendo<span class=\"screen-reader-text\"> &#8220;BKE kaj \u011dia bunta publiko&#8221;<\/span><\/a><\/p>\n","protected":false},"author":2,"featured_media":2713,"comment_status":"closed","ping_status":"open","sticky":false,"template":"","format":"standard","meta":{"advgb_blocks_editor_width":"","advgb_blocks_columns_visual_guide":"","footnotes":""},"categories":[144],"tags":[104,105],"class_list":["post-2712","post","type-post","status-publish","format-standard","has-post-thumbnail","hentry","category-blog","tag-bke-2018","tag-e-kongreso"],"author_meta":{"display_name":"Redaktanto","author_link":"https:\/\/easp.org.br\/asocio\/author\/redaktanto\/"},"featured_img":"https:\/\/easp.org.br\/asocio\/wp-content\/uploads\/2018\/06\/bke2018-300x192.jpg","coauthors":[],"tax_additional":{"categories":{"linked":["<a href=\"https:\/\/easp.org.br\/asocio\/category\/blog\/\" class=\"advgb-post-tax-term\">Blog<\/a>"],"unlinked":["<span class=\"advgb-post-tax-term\">Blog<\/span>"]},"tags":{"linked":["<a href=\"https:\/\/easp.org.br\/asocio\/category\/blog\/\" class=\"advgb-post-tax-term\">BKE 2018<\/a>","<a href=\"https:\/\/easp.org.br\/asocio\/category\/blog\/\" class=\"advgb-post-tax-term\">E-kongreso<\/a>"],"unlinked":["<span class=\"advgb-post-tax-term\">BKE 2018<\/span>","<span class=\"advgb-post-tax-term\">E-kongreso<\/span>"]}},"comment_count":"0","relative_dates":{"created":"Publicado 8 anos atr\u00e1s","modified":"Atualizado 5 anos atr\u00e1s"},"absolute_dates":{"created":"Publicado em 05\/06\/2018","modified":"Atualizado em 01\/04\/2021"},"absolute_dates_time":{"created":"Publicado em 05\/06\/2018 22:43","modified":"Atualizado em 01\/04\/2021 18:10"},"featured_img_caption":"","series_order":"","_links":{"self":[{"href":"https:\/\/easp.org.br\/asocio\/wp-json\/wp\/v2\/posts\/2712"}],"collection":[{"href":"https:\/\/easp.org.br\/asocio\/wp-json\/wp\/v2\/posts"}],"about":[{"href":"https:\/\/easp.org.br\/asocio\/wp-json\/wp\/v2\/types\/post"}],"author":[{"embeddable":true,"href":"https:\/\/easp.org.br\/asocio\/wp-json\/wp\/v2\/users\/2"}],"replies":[{"embeddable":true,"href":"https:\/\/easp.org.br\/asocio\/wp-json\/wp\/v2\/comments?post=2712"}],"version-history":[{"count":3,"href":"https:\/\/easp.org.br\/asocio\/wp-json\/wp\/v2\/posts\/2712\/revisions"}],"predecessor-version":[{"id":2716,"href":"https:\/\/easp.org.br\/asocio\/wp-json\/wp\/v2\/posts\/2712\/revisions\/2716"}],"wp:featuredmedia":[{"embeddable":true,"href":"https:\/\/easp.org.br\/asocio\/wp-json\/wp\/v2\/media\/2713"}],"wp:attachment":[{"href":"https:\/\/easp.org.br\/asocio\/wp-json\/wp\/v2\/media?parent=2712"}],"wp:term":[{"taxonomy":"category","embeddable":true,"href":"https:\/\/easp.org.br\/asocio\/wp-json\/wp\/v2\/categories?post=2712"},{"taxonomy":"post_tag","embeddable":true,"href":"https:\/\/easp.org.br\/asocio\/wp-json\/wp\/v2\/tags?post=2712"}],"curies":[{"name":"wp","href":"https:\/\/api.w.org\/{rel}","templated":true}]}}