{"id":2707,"date":"2018-05-12T11:10:04","date_gmt":"2018-05-12T14:10:04","guid":{"rendered":"http:\/\/easp.org.br\/asocio\/?p=2707"},"modified":"2021-04-01T18:10:13","modified_gmt":"2021-04-01T21:10:13","slug":"maja-kulturkunveno","status":"publish","type":"post","link":"https:\/\/easp.org.br\/asocio\/maja-kulturkunveno\/","title":{"rendered":"Maja kulturkunveno"},"content":{"rendered":"<p><img loading=\"lazy\" decoding=\"async\" class=\"alignright wp-image-2708 size-medium\" src=\"http:\/\/easp.org.br\/asocio\/wp-content\/uploads\/2018\/05\/marton-300x188.jpg\" alt=\"\" width=\"300\" height=\"188\" srcset=\"https:\/\/easp.org.br\/asocio\/wp-content\/uploads\/2018\/05\/marton-300x188.jpg 300w, https:\/\/easp.org.br\/asocio\/wp-content\/uploads\/2018\/05\/marton-250x156.jpg 250w, https:\/\/easp.org.br\/asocio\/wp-content\/uploads\/2018\/05\/marton-480x300.jpg 480w, https:\/\/easp.org.br\/asocio\/wp-content\/uploads\/2018\/05\/marton.jpg 640w\" sizes=\"(max-width: 300px) 100vw, 300px\" \/>La gasto de la maja kulturkunveno de EASP estas la junulo Marton Paulo, el Recifo &#8211; \u015dtato Pernambuko, kiu prezentos la temon &#8220;El Atlantiko al Pacifiko: miaj voja\u011doj kaj impresoj&#8221;.<\/p>\n<p>Marton estas studento pri komputila in\u011denierado, voja\u011dema homo kaj lingvamanto. Nuntempe li helpas Poliglotan Klubon de Recifo, estas unu el la reprezentantoj de Pernambuka Esperanto Asocio (PEA) kaj, el la nova grupo da gejunuloj de sia \u015dtato, anka\u016d partoprenos la estraron propononatan \u0109i-jare de Brazila Esperantista Junulara Organizo (BEJO).<\/p>\n<p>Post sia prezento, li kaptos la okazon iom paroli pri la agado de Pernambuka Esperanto-Asocio.<\/p>\n<p>Anta\u016d la prelego, la filmoklubo de la asocio spektigos plian videon por kuna diskuto kaj \u011duado.<\/p>\n<p>La kultura kunveno okazos en la lasta sabato de la kuranta monato (26\/05) ekde la 16h.<\/p>\n<p>La sidejo de Esperanto-Asocio de San-Pa\u016dlo situas en la strato Faustolo, 124 &#8211; kvartalo \u00c1gua Branca.<\/p>\n<p>Eniro senpaga.<\/p>\n","protected":false},"excerpt":{"rendered":"<p>La gasto de la maja kulturkunveno de EASP estas la junulo Marton Paulo, el Recifo &#8211; \u015dtato Pernambuko, kiu prezentos la temon &#8220;El Atlantiko al Pacifiko: miaj voja\u011doj kaj impresoj&#8221;. Marton estas studento pri komputila in\u011denierado, voja\u011dema homo kaj lingvamanto. Nuntempe li helpas Poliglotan Klubon de Recifo, estas unu el la reprezentantoj de Pernambuka Esperanto &hellip; <\/p>\n<p class=\"link-more\"><a href=\"https:\/\/easp.org.br\/asocio\/maja-kulturkunveno\/\" class=\"more-link\">Continue lendo<span class=\"screen-reader-text\"> &#8220;Maja kulturkunveno&#8221;<\/span><\/a><\/p>\n","protected":false},"author":2,"featured_media":2708,"comment_status":"closed","ping_status":"open","sticky":false,"template":"","format":"standard","meta":{"advgb_blocks_editor_width":"","advgb_blocks_columns_visual_guide":"","footnotes":""},"categories":[144],"tags":[101,103],"class_list":["post-2707","post","type-post","status-publish","format-standard","has-post-thumbnail","hentry","category-blog","tag-kulturkunveno","tag-vojagimpresoj"],"author_meta":{"display_name":"Redaktanto","author_link":"https:\/\/easp.org.br\/asocio\/author\/redaktanto\/"},"featured_img":"https:\/\/easp.org.br\/asocio\/wp-content\/uploads\/2018\/05\/marton-300x188.jpg","coauthors":[],"tax_additional":{"categories":{"linked":["<a href=\"https:\/\/easp.org.br\/asocio\/category\/blog\/\" class=\"advgb-post-tax-term\">Blog<\/a>"],"unlinked":["<span class=\"advgb-post-tax-term\">Blog<\/span>"]},"tags":{"linked":["<a href=\"https:\/\/easp.org.br\/asocio\/category\/blog\/\" class=\"advgb-post-tax-term\">Kulturkunveno<\/a>","<a href=\"https:\/\/easp.org.br\/asocio\/category\/blog\/\" class=\"advgb-post-tax-term\">voja\u011dimpresoj<\/a>"],"unlinked":["<span class=\"advgb-post-tax-term\">Kulturkunveno<\/span>","<span class=\"advgb-post-tax-term\">voja\u011dimpresoj<\/span>"]}},"comment_count":"0","relative_dates":{"created":"Publicado 8 anos atr\u00e1s","modified":"Atualizado 5 anos atr\u00e1s"},"absolute_dates":{"created":"Publicado em 12\/05\/2018","modified":"Atualizado em 01\/04\/2021"},"absolute_dates_time":{"created":"Publicado em 12\/05\/2018 11:10","modified":"Atualizado em 01\/04\/2021 18:10"},"featured_img_caption":"","series_order":"","_links":{"self":[{"href":"https:\/\/easp.org.br\/asocio\/wp-json\/wp\/v2\/posts\/2707"}],"collection":[{"href":"https:\/\/easp.org.br\/asocio\/wp-json\/wp\/v2\/posts"}],"about":[{"href":"https:\/\/easp.org.br\/asocio\/wp-json\/wp\/v2\/types\/post"}],"author":[{"embeddable":true,"href":"https:\/\/easp.org.br\/asocio\/wp-json\/wp\/v2\/users\/2"}],"replies":[{"embeddable":true,"href":"https:\/\/easp.org.br\/asocio\/wp-json\/wp\/v2\/comments?post=2707"}],"version-history":[{"count":2,"href":"https:\/\/easp.org.br\/asocio\/wp-json\/wp\/v2\/posts\/2707\/revisions"}],"predecessor-version":[{"id":2710,"href":"https:\/\/easp.org.br\/asocio\/wp-json\/wp\/v2\/posts\/2707\/revisions\/2710"}],"wp:featuredmedia":[{"embeddable":true,"href":"https:\/\/easp.org.br\/asocio\/wp-json\/wp\/v2\/media\/2708"}],"wp:attachment":[{"href":"https:\/\/easp.org.br\/asocio\/wp-json\/wp\/v2\/media?parent=2707"}],"wp:term":[{"taxonomy":"category","embeddable":true,"href":"https:\/\/easp.org.br\/asocio\/wp-json\/wp\/v2\/categories?post=2707"},{"taxonomy":"post_tag","embeddable":true,"href":"https:\/\/easp.org.br\/asocio\/wp-json\/wp\/v2\/tags?post=2707"}],"curies":[{"name":"wp","href":"https:\/\/api.w.org\/{rel}","templated":true}]}}