{"id":2609,"date":"2018-01-23T22:21:54","date_gmt":"2018-01-24T00:21:54","guid":{"rendered":"http:\/\/easp.org.br\/asocio\/?p=2609"},"modified":"2021-04-01T18:11:30","modified_gmt":"2021-04-01T21:11:30","slug":"sciigo","status":"publish","type":"post","link":"https:\/\/easp.org.br\/asocio\/sciigo\/","title":{"rendered":"Sciigo"},"content":{"rendered":"<figure id=\"attachment_2610\" aria-describedby=\"caption-attachment-2610\" style=\"width: 366px\" class=\"wp-caption alignright\"><img loading=\"lazy\" decoding=\"async\" class=\"wp-image-2610\" src=\"http:\/\/easp.org.br\/asocio\/wp-content\/uploads\/2018\/01\/trejnado1.jpg\" alt=\"\" width=\"366\" height=\"276\" srcset=\"https:\/\/easp.org.br\/asocio\/wp-content\/uploads\/2018\/01\/trejnado1.jpg 718w, https:\/\/easp.org.br\/asocio\/wp-content\/uploads\/2018\/01\/trejnado1-300x226.jpg 300w, https:\/\/easp.org.br\/asocio\/wp-content\/uploads\/2018\/01\/trejnado1-250x189.jpg 250w\" sizes=\"(max-width: 366px) 100vw, 366px\" \/><figcaption id=\"caption-attachment-2610\" class=\"wp-caption-text\">Unua Trejnado okazinta en marto 1995 en la kvartalo Campo Grande, en Rio.<\/figcaption><\/figure>\n<p>La Esperanto-asocioj de Rio (AERJ) kaj Sanpa\u016dlo (EASP) venas publike sciigi ke la 20-a Trejnado por Kursgvidantoj de Esperanto ne plu okazos en la urbo Lorena\/SP, kiel anoncite en la revuo La Lampiro #148\/2017 kaj en la retejo de AERJ.<\/p>\n<p>La 20-a Trejnado okazos aprile en la sidejo de Kultura kooperativo de la Esperantistoj (KKE) situanta en la avenuo 13 de Maio, 47 &#8211; Centro, Rio de Janeiro.<\/p>\n<p>Oportune AERJ diskonigos la novan tagon kaj temon de la aran\u011do.<\/p>\n<p>Por pliaj informoj, bonvolu rekte kontakti la lokajn organizantojn per la retadreso &lt;disvastigo.aerj [\u0109e] gmail.com&gt;<\/p>\n<p>La ideo de kuna organizado celis diskonigi tiun plurjaran aran\u011don al pli granda nombro da interesatoj pri kursaferoj. Nia unua provo de kunagado tamen ne glate iris manke de homfortoj por plenigi la planitan du-tagan programon kun diversaj aktivecoj koncernantaj la elektitan fakan temon.<\/p>\n<p>Ni aparte dankas al la direktoro de EASP, Paulo S\u00e9rgio Viana, kiu afable strebis por gastigi la Trejnadon en sia urbo, kaj al la fre\u015ddate reaktivi\u011dinta Brazila Sekcio de ILEI, kiu morale subtenis nian intencon.<\/p>\n<p>\u0108ar la Brazila Sekcio de ILEI reprenas sian iaman agadon, ni povos iel esperi ke oportune tiu Trejnado ricevos pli solidan subtenon de tiu laborfronto same kiel de aliaj enlandaj organiza\u0135oj konsciaj pri la graveco de tia aran\u011do por juna lingvo kiel Esperanto.<\/p>\n","protected":false},"excerpt":{"rendered":"<p>La Esperanto-asocioj de Rio (AERJ) kaj Sanpa\u016dlo (EASP) venas publike sciigi ke la 20-a Trejnado por Kursgvidantoj de Esperanto ne plu okazos en la urbo Lorena\/SP, kiel anoncite en la revuo La Lampiro #148\/2017 kaj en la retejo de AERJ. La 20-a Trejnado okazos aprile en la sidejo de Kultura kooperativo de la Esperantistoj (KKE) &hellip; <\/p>\n<p class=\"link-more\"><a href=\"https:\/\/easp.org.br\/asocio\/sciigo\/\" class=\"more-link\">Continue lendo<span class=\"screen-reader-text\"> &#8220;Sciigo&#8221;<\/span><\/a><\/p>\n","protected":false},"author":2,"featured_media":2610,"comment_status":"closed","ping_status":"open","sticky":false,"template":"","format":"standard","meta":{"advgb_blocks_editor_width":"","advgb_blocks_columns_visual_guide":"","footnotes":""},"categories":[144],"tags":[73],"class_list":["post-2609","post","type-post","status-publish","format-standard","has-post-thumbnail","hentry","category-blog","tag-treinamento"],"author_meta":{"display_name":"Redaktanto","author_link":"https:\/\/easp.org.br\/asocio\/author\/redaktanto\/"},"featured_img":"https:\/\/easp.org.br\/asocio\/wp-content\/uploads\/2018\/01\/trejnado1-300x226.jpg","coauthors":[],"tax_additional":{"categories":{"linked":["<a href=\"https:\/\/easp.org.br\/asocio\/category\/blog\/\" class=\"advgb-post-tax-term\">Blog<\/a>"],"unlinked":["<span class=\"advgb-post-tax-term\">Blog<\/span>"]},"tags":{"linked":["<a href=\"https:\/\/easp.org.br\/asocio\/category\/blog\/\" class=\"advgb-post-tax-term\">Treinamento<\/a>"],"unlinked":["<span class=\"advgb-post-tax-term\">Treinamento<\/span>"]}},"comment_count":"0","relative_dates":{"created":"Publicado 8 anos atr\u00e1s","modified":"Atualizado 5 anos atr\u00e1s"},"absolute_dates":{"created":"Publicado em 23\/01\/2018","modified":"Atualizado em 01\/04\/2021"},"absolute_dates_time":{"created":"Publicado em 23\/01\/2018 22:21","modified":"Atualizado em 01\/04\/2021 18:11"},"featured_img_caption":"","series_order":"","_links":{"self":[{"href":"https:\/\/easp.org.br\/asocio\/wp-json\/wp\/v2\/posts\/2609"}],"collection":[{"href":"https:\/\/easp.org.br\/asocio\/wp-json\/wp\/v2\/posts"}],"about":[{"href":"https:\/\/easp.org.br\/asocio\/wp-json\/wp\/v2\/types\/post"}],"author":[{"embeddable":true,"href":"https:\/\/easp.org.br\/asocio\/wp-json\/wp\/v2\/users\/2"}],"replies":[{"embeddable":true,"href":"https:\/\/easp.org.br\/asocio\/wp-json\/wp\/v2\/comments?post=2609"}],"version-history":[{"count":1,"href":"https:\/\/easp.org.br\/asocio\/wp-json\/wp\/v2\/posts\/2609\/revisions"}],"predecessor-version":[{"id":2611,"href":"https:\/\/easp.org.br\/asocio\/wp-json\/wp\/v2\/posts\/2609\/revisions\/2611"}],"wp:featuredmedia":[{"embeddable":true,"href":"https:\/\/easp.org.br\/asocio\/wp-json\/wp\/v2\/media\/2610"}],"wp:attachment":[{"href":"https:\/\/easp.org.br\/asocio\/wp-json\/wp\/v2\/media?parent=2609"}],"wp:term":[{"taxonomy":"category","embeddable":true,"href":"https:\/\/easp.org.br\/asocio\/wp-json\/wp\/v2\/categories?post=2609"},{"taxonomy":"post_tag","embeddable":true,"href":"https:\/\/easp.org.br\/asocio\/wp-json\/wp\/v2\/tags?post=2609"}],"curies":[{"name":"wp","href":"https:\/\/api.w.org\/{rel}","templated":true}]}}