{"id":2416,"date":"2017-08-15T21:44:21","date_gmt":"2017-08-16T00:44:21","guid":{"rendered":"http:\/\/easp.org.br\/asocio\/?p=2416"},"modified":"2021-04-01T18:12:26","modified_gmt":"2021-04-01T21:12:26","slug":"veganismo-e-esperanto","status":"publish","type":"post","link":"https:\/\/easp.org.br\/asocio\/veganismo-e-esperanto\/","title":{"rendered":"Veganismo e Esperanto"},"content":{"rendered":"<p><img loading=\"lazy\" decoding=\"async\" class=\"size-medium wp-image-2417 alignright\" src=\"http:\/\/easp.org.br\/asocio\/wp-content\/uploads\/2017\/08\/vegano-300x253.jpg\" alt=\"\" width=\"300\" height=\"253\" srcset=\"https:\/\/easp.org.br\/asocio\/wp-content\/uploads\/2017\/08\/vegano-300x253.jpg 300w, https:\/\/easp.org.br\/asocio\/wp-content\/uploads\/2017\/08\/vegano-250x211.jpg 250w, https:\/\/easp.org.br\/asocio\/wp-content\/uploads\/2017\/08\/vegano.jpg 600w\" sizes=\"(max-width: 300px) 100vw, 300px\" \/>&#8220;Direitos Animais e Direitos Lingu\u00edsticos: diferen\u00e7as e intersec\u00e7\u00f5es&#8221; ser\u00e1 o tema da Reuni\u00e3o que o facilitador Alex Ces\u00e1rio administrar\u00e1 no dia 19 de agosto, \u00e0s 15h30min, no Lar Vegan (S\u00e3o Paulo), Rua Cl\u00e9lia, 278 &#8211; Perdizes.<\/p>\n<p>Alex explicar\u00e1 o que \u00e9 Democracia Lingu\u00edstica e como o idioma internacional Esperanto pode ser um instrumento para isso. Ser\u00e1 examinado tamb\u00e9m como o Veganismo e Direitos Animais pode ser divulgado no Movimento Esperantista e vice-versa.<\/p>\n<p>Ap\u00f3s o debate, os interessados poder\u00e3o participar de uma Oficina de Esperanto.<\/p>\n<p>A realiza\u00e7\u00e3o do evento ficar\u00e1 a cargo do site Veganos pela Aboli\u00e7\u00e3o . org, em parceria com os grupos GEFRAN (Grupo de Estudos sobre a Teoria Abolicionista de Gary Francione) e CEA (Centro de Estudos Abolicionistas).<\/p>\n<p>Alex \u00e9 ativista dos Direitos Animais e Esperantista.<\/p>\n<p>Evento ser\u00e1 gratuito e aberto ao p\u00fablico.<\/p>\n<p>Para mais informa\u00e7\u00f5es, <a href=\"https:\/\/www.facebook.com\/events\/1625311757480681\" target=\"_blank\" rel=\"noopener noreferrer\">clique aqui<\/a>.<\/p>\n","protected":false},"excerpt":{"rendered":"<p>&#8220;Direitos Animais e Direitos Lingu\u00edsticos: diferen\u00e7as e intersec\u00e7\u00f5es&#8221; ser\u00e1 o tema da Reuni\u00e3o que o facilitador Alex Ces\u00e1rio administrar\u00e1 no dia 19 de agosto, \u00e0s 15h30min, no Lar Vegan (S\u00e3o Paulo), Rua Cl\u00e9lia, 278 &#8211; Perdizes. Alex explicar\u00e1 o que \u00e9 Democracia Lingu\u00edstica e como o idioma internacional Esperanto pode ser um instrumento para isso. &hellip; <\/p>\n<p class=\"link-more\"><a href=\"https:\/\/easp.org.br\/asocio\/veganismo-e-esperanto\/\" class=\"more-link\">Continue lendo<span class=\"screen-reader-text\"> &#8220;Veganismo e Esperanto&#8221;<\/span><\/a><\/p>\n","protected":false},"author":2,"featured_media":2417,"comment_status":"closed","ping_status":"open","sticky":false,"template":"","format":"standard","meta":{"advgb_blocks_editor_width":"","advgb_blocks_columns_visual_guide":"","footnotes":""},"categories":[144],"tags":[],"class_list":["post-2416","post","type-post","status-publish","format-standard","has-post-thumbnail","hentry","category-blog"],"author_meta":{"display_name":"Redaktanto","author_link":"https:\/\/easp.org.br\/asocio\/author\/redaktanto\/"},"featured_img":"https:\/\/easp.org.br\/asocio\/wp-content\/uploads\/2017\/08\/vegano-300x253.jpg","coauthors":[],"tax_additional":{"categories":{"linked":["<a href=\"https:\/\/easp.org.br\/asocio\/category\/blog\/\" class=\"advgb-post-tax-term\">Blog<\/a>"],"unlinked":["<span class=\"advgb-post-tax-term\">Blog<\/span>"]}},"comment_count":"0","relative_dates":{"created":"Publicado 9 anos atr\u00e1s","modified":"Atualizado 5 anos atr\u00e1s"},"absolute_dates":{"created":"Publicado em 15\/08\/2017","modified":"Atualizado em 01\/04\/2021"},"absolute_dates_time":{"created":"Publicado em 15\/08\/2017 21:44","modified":"Atualizado em 01\/04\/2021 18:12"},"featured_img_caption":"","series_order":"","_links":{"self":[{"href":"https:\/\/easp.org.br\/asocio\/wp-json\/wp\/v2\/posts\/2416"}],"collection":[{"href":"https:\/\/easp.org.br\/asocio\/wp-json\/wp\/v2\/posts"}],"about":[{"href":"https:\/\/easp.org.br\/asocio\/wp-json\/wp\/v2\/types\/post"}],"author":[{"embeddable":true,"href":"https:\/\/easp.org.br\/asocio\/wp-json\/wp\/v2\/users\/2"}],"replies":[{"embeddable":true,"href":"https:\/\/easp.org.br\/asocio\/wp-json\/wp\/v2\/comments?post=2416"}],"version-history":[{"count":1,"href":"https:\/\/easp.org.br\/asocio\/wp-json\/wp\/v2\/posts\/2416\/revisions"}],"predecessor-version":[{"id":2418,"href":"https:\/\/easp.org.br\/asocio\/wp-json\/wp\/v2\/posts\/2416\/revisions\/2418"}],"wp:featuredmedia":[{"embeddable":true,"href":"https:\/\/easp.org.br\/asocio\/wp-json\/wp\/v2\/media\/2417"}],"wp:attachment":[{"href":"https:\/\/easp.org.br\/asocio\/wp-json\/wp\/v2\/media?parent=2416"}],"wp:term":[{"taxonomy":"category","embeddable":true,"href":"https:\/\/easp.org.br\/asocio\/wp-json\/wp\/v2\/categories?post=2416"},{"taxonomy":"post_tag","embeddable":true,"href":"https:\/\/easp.org.br\/asocio\/wp-json\/wp\/v2\/tags?post=2416"}],"curies":[{"name":"wp","href":"https:\/\/api.w.org\/{rel}","templated":true}]}}